{"id":13166,"date":"2009-02-04T00:00:00","date_gmt":"2009-02-04T02:00:00","guid":{"rendered":"https:\/\/www.cnbb.org.br\/diocese-de-barretos-faz-abertura-oficial-da-campanha-da-fraternidade-2009\/"},"modified":"2009-02-04T00:00:00","modified_gmt":"2009-02-04T02:00:00","slug":"diocese-de-barretos-faz-abertura-oficial-da-campanha-da-fraternidade-2009","status":"publish","type":"post","link":"https:\/\/www.cnbb.org.br\/diocese-de-barretos-faz-abertura-oficial-da-campanha-da-fraternidade-2009\/","title":{"rendered":"Diocese de Barretos faz abertura oficial da Campanha da Fraternidade 2009"},"content":{"rendered":"<p style=\"text-align: justify\">Na \u00faltima semana, a diocese de Barretos (SP) fez a abertura oficial da Campanha da Fraternidade 2009, \u201cFraternidade e Seguran\u00e7a P\u00fablica\u201d, na C\u00e2mara Municipal da cidade. O bispo diocesano, dom Edmilson Amador Caetano, e a equipe diocesana da Campanha da Fraternidade estiveram presentes.<\/p>\n<p><!--more--><\/p>\n<p style=\"text-align: justify\">Durante a cerim\u00f4nia, foi realizada apresenta\u00e7\u00f5es de alguns trabalhos desenvolvidos no munic\u00edpio de Barretos que j\u00e1 v\u00eam promovendo a cultura da paz na cidade. Na p\u00e1gina de downloads do site da diocese (www.diocesedebarretos.com.br), est\u00e3o dispon\u00edveis os arquivos de \u00e1udio da apresenta\u00e7\u00e3o de dom Edmilson sobre o cartaz e os aspectos b\u00edblicos da CF-2009.<\/p>\n<p style=\"text-align: justify\">\u201cTodos que desejarem realizar um trabalho de acordo com o tema da Campanha da Fraternidade deste ano, podem participar de uma reuni\u00e3o no dia 6 de fevereiro \u00e0s 20h, no Sal\u00e3o Paroquial da catedral do Divino Esp\u00edrito Santo\u201d, convida o bispo.<\/p>\n","protected":false},"excerpt":{"rendered":"<p>Na \u00faltima semana, a diocese de Barretos (SP) fez a abertura oficial da Campanha da Fraternidade 2009, \u201cFraternidade e Seguran\u00e7a P\u00fablica\u201d, na C\u00e2mara Municipal da cidade. O bispo diocesano, dom Edmilson Amador Caetano, e a equipe diocesana da Campanha da Fraternidade estiveram presentes.<\/p>\n","protected":false},"author":83,"featured_media":0,"comment_status":"open","ping_status":"open","sticky":false,"template":"","format":"standard","meta":{"site-sidebar-layout":"default","site-content-layout":"default","ast-global-header-display":"","ast-banner-title-visibility":"","ast-main-header-display":"","ast-hfb-above-header-display":"","ast-hfb-below-header-display":"","ast-hfb-mobile-header-display":"","site-post-title":"","ast-breadcrumbs-content":"","ast-featured-img":"","footer-sml-layout":"","theme-transparent-header-meta":"","adv-header-id-meta":"","stick-header-meta":"","header-above-stick-meta":"","header-main-stick-meta":"","header-below-stick-meta":""},"categories":[759,760],"tags":[],"acf":[],"_links":{"self":[{"href":"https:\/\/www.cnbb.org.br\/cnbb-app\/wp\/v2\/posts\/13166"}],"collection":[{"href":"https:\/\/www.cnbb.org.br\/cnbb-app\/wp\/v2\/posts"}],"about":[{"href":"https:\/\/www.cnbb.org.br\/cnbb-app\/wp\/v2\/types\/post"}],"author":[{"embeddable":true,"href":"https:\/\/www.cnbb.org.br\/cnbb-app\/wp\/v2\/users\/83"}],"replies":[{"embeddable":true,"href":"https:\/\/www.cnbb.org.br\/cnbb-app\/wp\/v2\/comments?post=13166"}],"version-history":[{"count":0,"href":"https:\/\/www.cnbb.org.br\/cnbb-app\/wp\/v2\/posts\/13166\/revisions"}],"wp:attachment":[{"href":"https:\/\/www.cnbb.org.br\/cnbb-app\/wp\/v2\/media?parent=13166"}],"wp:term":[{"taxonomy":"category","embeddable":true,"href":"https:\/\/www.cnbb.org.br\/cnbb-app\/wp\/v2\/categories?post=13166"},{"taxonomy":"post_tag","embeddable":true,"href":"https:\/\/www.cnbb.org.br\/cnbb-app\/wp\/v2\/tags?post=13166"}],"curies":[{"name":"wp","href":"https:\/\/api.w.org\/{rel}","templated":true}]}}