{"id":13232,"date":"2009-09-28T00:00:00","date_gmt":"2009-09-28T03:00:00","guid":{"rendered":"https:\/\/www.cnbb.org.br\/desse-jeito-nao-da\/"},"modified":"2009-09-28T00:00:00","modified_gmt":"2009-09-28T03:00:00","slug":"desse-jeito-nao-da","status":"publish","type":"post","link":"https:\/\/www.cnbb.org.br\/desse-jeito-nao-da\/","title":{"rendered":"Desse jeito n\u00e3o d\u00e1"},"content":{"rendered":"<p style=\"text-align: justify\">Neste ano tivemos uma Campanha da Fraternidade, toda ela voltada para a seguran\u00e7a p\u00fablica. O tema foi escolhido por solicita\u00e7\u00e3o de muitas entidades da sociedade civil que o consideraram extremamente grave. Gra\u00e7as a Deus, as repercuss\u00f5es foram positivas e os debates atingiram inclusive os meios de comunica\u00e7\u00e3o social. As pr\u00f3prias confer\u00eancias nacionais, estaduais e municipais de seguran\u00e7a p\u00fablica sofreram influ\u00eancia das reflex\u00f5es realizadas e publicadas. Valeu a pena levantar o debate!<\/p>\n<p><!--more--><\/p>\n<p style=\"text-align: justify\">Nestes \u00faltimos dois meses a Igreja Cat\u00f3lica em Manaus sentiu na pele a urg\u00eancia de levar-se bem mais a s\u00e9rio esse problema. Do jeito como andam os atos de viol\u00eancia contra pessoas e institui\u00e7\u00f5es ligadas a n\u00f3s n\u00e3o d\u00e1 pra continuar. Veja s\u00f3 o elenco dos fatos: primeiro, assaltaram a m\u00e3o armada o convento dos capuchinhos; segundo, invadiram a m\u00e3o armada a Casa das Irm\u00e3s Idosas e Doentes do Patronato Santa Terezinha; terceiro, entraram com m\u00e3o armada numa casa paroquial e roubaram tudo; quarto, no dia 17 de setembro, dom Gutemberg R\u00e9gis, bispo de Coari, e padre Manoel Soares, superior dos Redentoristas, foram seq\u00fcestrados, aterrorizados e tiveram o carro roubado no Bairro de Aparecida; quinto, a Pra\u00e7a da Matriz est\u00e1 nas m\u00e3os de pessoas que assaltam fi\u00e9is e turistas; sexto, muitas igrejas t\u00eam sido roubadas; s\u00e9timo, para coroar nossos sofrimentos, no dia 19 de setembro de 2009, \u00e0s 7h, assassinaram estupidamente o padre Ruggero Ruvoletto, um sacerdote italiano, mission\u00e1rio das Dioceses de P\u00e1dua (It\u00e1lia) e de Pesqueira, que h\u00e1 dois anos trabalhava na evangeliza\u00e7\u00e3o de Santa Etelvina, Uni\u00e3o da Vit\u00f3ria e comunidades das rodovias BR e AM. Era ele um homem sossegado, incapaz de maltratar algu\u00e9m, um crist\u00e3o de muita f\u00e9. Sua morte doeu muito. Estamos intrigados com a sucess\u00e3o muito pr\u00f3xima de viol\u00eancias pesadas contra gente da Igreja Cat\u00f3lica. Por outro lado sentimos que o mesmo acontece em doses amargas contra o povo de Manaus. Assaltos em \u00f4nibus, nas ruas, nas casas e por todo lado; assassinatos de todos os tipos e com sucess\u00e3o alucinante; drogas a rodo. Pobre de nossos cidad\u00e3os e cidad\u00e3s o dia dos funerais, a comunidade de Santa Etelvina distribuiu um manifesto em que expressa o medo de todos: \u201cTudo isso tem nos deixado apavorados, pois o clima da inseguran\u00e7a \u00e9 total; temos que contar com a pr\u00f3pria sorte.\u201d<\/p>\n<p style=\"text-align: justify\">Dentre as muitas manifesta\u00e7\u00f5es de conforto, destaco o telegrama enviado pelo papa Bento 16, em que ele condena \u201ceste ato vil e cruel contra pac\u00edficos servidores do Evangelho\u201d, e nos fala do perd\u00e3o a ser concedido aos assassinos. Jesus perdoou os seus matadores: \u201cPai, perdoai-lhes porque n\u00e3o sabem o que fazem.\u201d Perdoamos de cora\u00e7\u00e3o porque cremos num Deus que perdoa sempre. Mas, como acreditamos num Deus justo, exigimos que sejam presos para receberam reeduca\u00e7\u00e3o (seja utopia no atual sistema prisional brasileiro?). E continuamos a luta pela paz.<\/p>\n<h4 style=\"text-align: right\">Dom Luiz Soares Vieira<\/h4>\n","protected":false},"excerpt":{"rendered":"<p>Neste ano tivemos uma Campanha da Fraternidade, toda ela voltada para a seguran\u00e7a p\u00fablica. O tema foi escolhido por solicita\u00e7\u00e3o de muitas entidades da sociedade civil que o consideraram extremamente grave. Gra\u00e7as a Deus, as repercuss\u00f5es foram positivas e os debates atingiram inclusive os meios de comunica\u00e7\u00e3o social. As pr\u00f3prias confer\u00eancias nacionais, estaduais e municipais &hellip;<\/p>\n<p class=\"read-more\"> <a class=\"\" href=\"https:\/\/www.cnbb.org.br\/desse-jeito-nao-da\/\"> <span class=\"screen-reader-text\">Desse jeito n\u00e3o d\u00e1<\/span> Leia mais &raquo;<\/a><\/p>\n","protected":false},"author":83,"featured_media":0,"comment_status":"open","ping_status":"open","sticky":false,"template":"","format":"standard","meta":{"site-sidebar-layout":"default","site-content-layout":"default","ast-global-header-display":"","ast-banner-title-visibility":"","ast-main-header-display":"","ast-hfb-above-header-display":"","ast-hfb-below-header-display":"","ast-hfb-mobile-header-display":"","site-post-title":"","ast-breadcrumbs-content":"","ast-featured-img":"","footer-sml-layout":"","theme-transparent-header-meta":"","adv-header-id-meta":"","stick-header-meta":"","header-above-stick-meta":"","header-main-stick-meta":"","header-below-stick-meta":""},"categories":[759,760],"tags":[],"acf":[],"_links":{"self":[{"href":"https:\/\/www.cnbb.org.br\/cnbb-app\/wp\/v2\/posts\/13232"}],"collection":[{"href":"https:\/\/www.cnbb.org.br\/cnbb-app\/wp\/v2\/posts"}],"about":[{"href":"https:\/\/www.cnbb.org.br\/cnbb-app\/wp\/v2\/types\/post"}],"author":[{"embeddable":true,"href":"https:\/\/www.cnbb.org.br\/cnbb-app\/wp\/v2\/users\/83"}],"replies":[{"embeddable":true,"href":"https:\/\/www.cnbb.org.br\/cnbb-app\/wp\/v2\/comments?post=13232"}],"version-history":[{"count":0,"href":"https:\/\/www.cnbb.org.br\/cnbb-app\/wp\/v2\/posts\/13232\/revisions"}],"wp:attachment":[{"href":"https:\/\/www.cnbb.org.br\/cnbb-app\/wp\/v2\/media?parent=13232"}],"wp:term":[{"taxonomy":"category","embeddable":true,"href":"https:\/\/www.cnbb.org.br\/cnbb-app\/wp\/v2\/categories?post=13232"},{"taxonomy":"post_tag","embeddable":true,"href":"https:\/\/www.cnbb.org.br\/cnbb-app\/wp\/v2\/tags?post=13232"}],"curies":[{"name":"wp","href":"https:\/\/api.w.org\/{rel}","templated":true}]}}