{"id":13302,"date":"2011-02-25T00:00:00","date_gmt":"2011-02-25T03:00:00","guid":{"rendered":"https:\/\/www.cnbb.org.br\/formacao-sobre-cf-2011-na-diocese-de-limeira-tem-a-presenca-do-assessor-para-campanhas-da-cnbb\/"},"modified":"2011-02-25T00:00:00","modified_gmt":"2011-02-25T03:00:00","slug":"formacao-sobre-cf-2011-na-diocese-de-limeira-tem-a-presenca-do-assessor-para-campanhas-da-cnbb","status":"publish","type":"post","link":"https:\/\/www.cnbb.org.br\/formacao-sobre-cf-2011-na-diocese-de-limeira-tem-a-presenca-do-assessor-para-campanhas-da-cnbb\/","title":{"rendered":"Forma\u00e7\u00e3o sobre CF-2011 na diocese de Limeira tem a presen\u00e7a do assessor para Campanhas da CNBB"},"content":{"rendered":"<p style=\"text-align: justify\">A diocese de Limeira (SP) realizou nesta quinta-feira, 24, no munic\u00edpio de Araras, um encontro de forma\u00e7\u00e3o para animadores da Campanha da Fraternidade 2011, \u201cFraternidade e a Vida no Planeta\u201d. O encontro teve a participa\u00e7\u00e3o do assessor para Campanhas da Confer\u00eancia Nacional dos Bispos do Brasil (CNBB), padre Luiz Carlos Dias, que prop\u00f4s uma reflex\u00e3o sobre os objetivos da CF-2011.<\/p>\n<p><!--more--><\/p>\n<p style=\"text-align: justify\">A interven\u00e7\u00e3o do homem na natureza paralelo aos fen\u00f4menos naturais que ocorrem de tempos em tempos; o meio ambiente sendo degradado e em contra partida a ocorr\u00eancia de chuvas intensas, enchentes, aquecimento global foram alguns dos temas propostos pelo assessor.<\/p>\n<p style=\"text-align: justify\">Segundo padre Luiz, pensar na quest\u00e3o do meio ambiente \u00e9 urgente, pois chegamos a um ponto que podemos n\u00e3o ter futuramente condi\u00e7\u00f5es de vida, por isso, a sociedade deve tamb\u00e9m agir. \u201cNa d\u00e9cada de 80 n\u00e3o t\u00ednhamos a consci\u00eancia ecol\u00f3gica que temos hoje, mas t\u00ednhamos a preocupa\u00e7\u00e3o com o meio ambiente. E o que mudamos, o que fizemos?\u201d, indagou o padre.<\/p>\n<p style=\"text-align: justify\"><img decoding=\"async\" loading=\"lazy\" class=\" alignleft size-full wp-image-8579\" style=\"float: left\" src=\"https:\/\/www.cnbb.org.br\/wp-content\/uploads\/2020\/03\/padre_luiz_dias.jpg\" alt=\"padre_luiz_dias\" width=\"354\" height=\"235\" \/>Para ele, todos falam em busca pelo bem estar, mas com o aumento do consumo e de mercado e o crescimento descontrolado da sociedade, fica dif\u00edcil conciliar este tipo de desenvolvimento com uma natureza onde seus recursos s\u00e3o mais usados pela sociedade do que deveria. \u201cHoje tiramos 20% a mais do que dever\u00edamos tirar da natureza\u201d, lembrou.<\/p>\n<p style=\"text-align: justify\">Durante a forma\u00e7\u00e3o para o clero diocesano, que ocorreu pela manh\u00e3, padre Luiz falou sobre o futuro da humanidade e da natureza estarem entrela\u00e7ados e que esta deve ser a quest\u00e3o para o entendimento dos fatos. \u201cComo se d\u00e1 nossa rela\u00e7\u00e3o com a natureza deve ser motivo de reflex\u00e3o. Por isso, \u00e9 necess\u00e1ria uma convers\u00e3o ecol\u00f3gica, impulsionados pela f\u00e9, onde devemos ser cuidadores da nossa vida\u201d, completou.<\/p>\n<p style=\"text-align: justify\">O encontro foi organizado pela Comiss\u00e3o Diocesana de Campanhas, que tem como assessor o padre Leandro Ricardo. Os agentes de pastoral e religiosos das par\u00f3quias dos 16 munic\u00edpios que compreendem a diocese de Limeira, tamb\u00e9m participaram da forma\u00e7\u00e3o no Centro Cultural de Araras, no per\u00edodo da noite.<\/p>\n","protected":false},"excerpt":{"rendered":"<p>A diocese de Limeira (SP) realizou nesta quinta-feira, 24, no munic\u00edpio de Araras, um encontro de forma\u00e7\u00e3o para animadores da Campanha da Fraternidade 2011, \u201cFraternidade e a Vida no Planeta\u201d. O encontro teve a participa\u00e7\u00e3o do assessor para Campanhas da Confer\u00eancia Nacional dos Bispos do Brasil (CNBB), padre Luiz Carlos Dias, que prop\u00f4s uma reflex\u00e3o &hellip;<\/p>\n<p class=\"read-more\"> <a class=\"\" href=\"https:\/\/www.cnbb.org.br\/formacao-sobre-cf-2011-na-diocese-de-limeira-tem-a-presenca-do-assessor-para-campanhas-da-cnbb\/\"> <span class=\"screen-reader-text\">Forma\u00e7\u00e3o sobre CF-2011 na diocese de Limeira tem a presen\u00e7a do assessor para Campanhas da CNBB<\/span> Leia mais &raquo;<\/a><\/p>\n","protected":false},"author":83,"featured_media":13303,"comment_status":"open","ping_status":"open","sticky":false,"template":"","format":"standard","meta":{"site-sidebar-layout":"default","site-content-layout":"default","ast-global-header-display":"","ast-banner-title-visibility":"","ast-main-header-display":"","ast-hfb-above-header-display":"","ast-hfb-below-header-display":"","ast-hfb-mobile-header-display":"","site-post-title":"","ast-breadcrumbs-content":"","ast-featured-img":"","footer-sml-layout":"","theme-transparent-header-meta":"","adv-header-id-meta":"","stick-header-meta":"","header-above-stick-meta":"","header-main-stick-meta":"","header-below-stick-meta":""},"categories":[759,760],"tags":[],"acf":[],"_links":{"self":[{"href":"https:\/\/www.cnbb.org.br\/cnbb-app\/wp\/v2\/posts\/13302"}],"collection":[{"href":"https:\/\/www.cnbb.org.br\/cnbb-app\/wp\/v2\/posts"}],"about":[{"href":"https:\/\/www.cnbb.org.br\/cnbb-app\/wp\/v2\/types\/post"}],"author":[{"embeddable":true,"href":"https:\/\/www.cnbb.org.br\/cnbb-app\/wp\/v2\/users\/83"}],"replies":[{"embeddable":true,"href":"https:\/\/www.cnbb.org.br\/cnbb-app\/wp\/v2\/comments?post=13302"}],"version-history":[{"count":0,"href":"https:\/\/www.cnbb.org.br\/cnbb-app\/wp\/v2\/posts\/13302\/revisions"}],"wp:featuredmedia":[{"embeddable":true,"href":"https:\/\/www.cnbb.org.br\/cnbb-app\/wp\/v2\/media\/13303"}],"wp:attachment":[{"href":"https:\/\/www.cnbb.org.br\/cnbb-app\/wp\/v2\/media?parent=13302"}],"wp:term":[{"taxonomy":"category","embeddable":true,"href":"https:\/\/www.cnbb.org.br\/cnbb-app\/wp\/v2\/categories?post=13302"},{"taxonomy":"post_tag","embeddable":true,"href":"https:\/\/www.cnbb.org.br\/cnbb-app\/wp\/v2\/tags?post=13302"}],"curies":[{"name":"wp","href":"https:\/\/api.w.org\/{rel}","templated":true}]}}