{"id":13320,"date":"2011-03-11T00:00:00","date_gmt":"2011-03-11T03:00:00","guid":{"rendered":"https:\/\/www.cnbb.org.br\/camara-de-vereadores-de-santarem-discute-cf-2011-em-sessao-especial\/"},"modified":"2011-03-11T00:00:00","modified_gmt":"2011-03-11T03:00:00","slug":"camara-de-vereadores-de-santarem-discute-cf-2011-em-sessao-especial","status":"publish","type":"post","link":"https:\/\/www.cnbb.org.br\/camara-de-vereadores-de-santarem-discute-cf-2011-em-sessao-especial\/","title":{"rendered":"C\u00e2mara de Vereadores de Santar\u00e9m discute CF-2011 em sess\u00e3o especial"},"content":{"rendered":"<p style=\"text-align: justify\">Na ter\u00e7a-feira, 15, a C\u00e2mara Municipal de Vereadores, de Santar\u00e9m (PA) vai realizar uma sess\u00e3o especial para discutir a tem\u00e1tica da Campanha da Fraternidade 2011, \u201cFraternidade e a Vida no Planeta\u201d. A sess\u00e3o vai iniciar \u00e0s 9h30 e foi solicitada pelo vereador Carlos Jaime (PT).<\/p>\n<p><!--more--><\/p>\n<p style=\"text-align: justify\">A solenidade ter\u00e1 a presen\u00e7a do bispo da diocesano de Santar\u00e9m, dom Esmeraldo Barreto de Farias, e de representantes da diocese, da Promotoria P\u00fablica de Meio Ambiente do Minist\u00e9rio P\u00fablico Estadual, da Secretaria Municipal do Meio Ambiente, do Instituto Manancial, da Frente de Defesa da Amaz\u00f4nia e do Conselho de Pastores de Santar\u00e9m.<\/p>\n<p style=\"text-align: justify\">Para a diocese de Santar\u00e9m, a CF-2011 vai possibilitar a reflex\u00e3o da popula\u00e7\u00e3o de Santar\u00e9m sobre a tem\u00e1tica do meio ambiente. \u201cA Campanha da Fraternidade ser\u00e1 o momento para a popula\u00e7\u00e3o e para a sociedade organizada refletirem sobre uma realidade cada vez mais preocupante: o fen\u00f4meno das mudan\u00e7as clim\u00e1ticas do planeta ocasionada, sobretudo, pela a\u00e7\u00e3o humana\u201d.<\/p>\n<p style=\"text-align: justify\">A Campanha deste ano busca, sobretudo, contribuir para a conscientiza\u00e7\u00e3o das comunidades crist\u00e3s e pessoas de boa vontade sobre a gravidade do aquecimento global e das mudan\u00e7as clim\u00e1ticas e motiv\u00e1-las a participar dos debates e a\u00e7\u00f5es que visam enfrentar o problema e preservar as condi\u00e7\u00f5es de vida no planeta.<\/p>\n<p style=\"text-align: justify\">Ainda de acordo com a diocese, ser\u00e1 uma oportunidade de ouvir o que os parlamentares t\u00eam a apresentar em termos de projetos para amenizar o problema das mudan\u00e7as clim\u00e1ticas nesta regi\u00e3o de Santar\u00e9m.<\/p>\n<p style=\"text-align: justify\"><strong>Abertura da CF-2011<\/strong><\/p>\n<p style=\"text-align: justify\">Neste s\u00e1bado, 12, a Regi\u00e3o Pastoral 3 da diocese de Santar\u00e9m, realiza a abertura da Campanha da Fraternidade 2011, a exemplo de outras regi\u00f5es pastorais da diocese de Santar\u00e9m que j\u00e1 fizeram o mesmo. O evento acontece no sal\u00e3o comunit\u00e1rio de S\u00e3o Braz \u2013 regi\u00e3o do Eixo Forte, com in\u00edcio \u00e0s 9h. Durante o lan\u00e7amento haver\u00e1 momento para debates sobre os problemas sociais e ambientais da regi\u00e3o, da Amaz\u00f4nia e do mundo; apresenta\u00e7\u00f5es de m\u00fasicas, poemas, coreografias, teatro fazem parte da programa\u00e7\u00e3o.<\/p>\n<p style=\"text-align: justify\">Tamb\u00e9m haver\u00e1 um compromisso a ser assumido por todas as comunidades e entidades populares da Regi\u00e3o, relacionado \u00e0 vida do planeta.<\/p>\n","protected":false},"excerpt":{"rendered":"<p>Na ter\u00e7a-feira, 15, a C\u00e2mara Municipal de Vereadores, de Santar\u00e9m (PA) vai realizar uma sess\u00e3o especial para discutir a tem\u00e1tica da Campanha da Fraternidade 2011, \u201cFraternidade e a Vida no Planeta\u201d. A sess\u00e3o vai iniciar \u00e0s 9h30 e foi solicitada pelo vereador Carlos Jaime (PT).<\/p>\n","protected":false},"author":83,"featured_media":13277,"comment_status":"open","ping_status":"open","sticky":false,"template":"","format":"standard","meta":{"site-sidebar-layout":"default","site-content-layout":"default","ast-global-header-display":"","ast-banner-title-visibility":"","ast-main-header-display":"","ast-hfb-above-header-display":"","ast-hfb-below-header-display":"","ast-hfb-mobile-header-display":"","site-post-title":"","ast-breadcrumbs-content":"","ast-featured-img":"","footer-sml-layout":"","theme-transparent-header-meta":"","adv-header-id-meta":"","stick-header-meta":"","header-above-stick-meta":"","header-main-stick-meta":"","header-below-stick-meta":""},"categories":[759,760],"tags":[],"acf":[],"_links":{"self":[{"href":"https:\/\/www.cnbb.org.br\/cnbb-app\/wp\/v2\/posts\/13320"}],"collection":[{"href":"https:\/\/www.cnbb.org.br\/cnbb-app\/wp\/v2\/posts"}],"about":[{"href":"https:\/\/www.cnbb.org.br\/cnbb-app\/wp\/v2\/types\/post"}],"author":[{"embeddable":true,"href":"https:\/\/www.cnbb.org.br\/cnbb-app\/wp\/v2\/users\/83"}],"replies":[{"embeddable":true,"href":"https:\/\/www.cnbb.org.br\/cnbb-app\/wp\/v2\/comments?post=13320"}],"version-history":[{"count":0,"href":"https:\/\/www.cnbb.org.br\/cnbb-app\/wp\/v2\/posts\/13320\/revisions"}],"wp:featuredmedia":[{"embeddable":true,"href":"https:\/\/www.cnbb.org.br\/cnbb-app\/wp\/v2\/media\/13277"}],"wp:attachment":[{"href":"https:\/\/www.cnbb.org.br\/cnbb-app\/wp\/v2\/media?parent=13320"}],"wp:term":[{"taxonomy":"category","embeddable":true,"href":"https:\/\/www.cnbb.org.br\/cnbb-app\/wp\/v2\/categories?post=13320"},{"taxonomy":"post_tag","embeddable":true,"href":"https:\/\/www.cnbb.org.br\/cnbb-app\/wp\/v2\/tags?post=13320"}],"curies":[{"name":"wp","href":"https:\/\/api.w.org\/{rel}","templated":true}]}}