{"id":13321,"date":"2011-03-12T00:00:00","date_gmt":"2011-03-12T03:00:00","guid":{"rendered":"https:\/\/www.cnbb.org.br\/lancada-cf-2011-na-diocese-de-limeira\/"},"modified":"2011-03-12T00:00:00","modified_gmt":"2011-03-12T03:00:00","slug":"lancada-cf-2011-na-diocese-de-limeira","status":"publish","type":"post","link":"https:\/\/www.cnbb.org.br\/lancada-cf-2011-na-diocese-de-limeira\/","title":{"rendered":"Lan\u00e7ada CF-2011 na diocese de Limeira"},"content":{"rendered":"<p style=\"text-align: justify\">A diocese de Limeira (SP) realizou a solenidade de lan\u00e7amento da Campanha da Fraternidade 2011, \u201cFraternidade e a Vida no Planeta\u201d, na tarde desta quinta-feira, 10, na catedral diocesana Nossa Senhora das Dores, em Limeira. O evento foi presidido pelo bispo diocesano, dom Vilson Dias de Oliveira; pelo Vig\u00e1rio Geral, padre Vladmir Hergert e pelo assessor diocesano para Campanhas, padre Leandro Ricardo.<\/p>\n<p><!--more--><\/p>\n<p style=\"text-align: justify\">O encontro contou com a presen\u00e7a de autoridades civis e eclesi\u00e1sticas. Entre elas estiveram presentes o padre Isa\u00edas Daniel e padre Ismael Avi, de Limeira e o padre Marcos Radaelli de Melo, da cidade de Cosm\u00f3polis, juntamente com os agentes pastorais de suas comunidades.<\/p>\n<p style=\"text-align: justify\">A imprensa local e regional tamb\u00e9m participou do ato que foi transmitida ao vivo pela R\u00e1dio Magnificat de Limeira. Durante o lan\u00e7amento, as pessoas rezaram a Ora\u00e7\u00e3o da CF 2011 e cantaram tamb\u00e9m o Hino da Campanha.<br \/>\nDurante o evento, padre Vladimir, falou sobre a viv\u00eancia da CF 2011 na diocese. \u201c\u00c9 o momento que a Igreja Particular de Limeira cresce na consci\u00eancia da preserva\u00e7\u00e3o do meio ambiente e da vida\u201d, afirmou.<\/p>\n<p style=\"text-align: justify\"><img decoding=\"async\" loading=\"lazy\" class=\" alignright size-full wp-image-8746\" style=\"float: right\" src=\"https:\/\/www.cnbb.org.br\/wp-content\/uploads\/2020\/03\/Pe._Leandro.jpg\" alt=\"Pe._Leandro\" width=\"215\" height=\"233\" \/>O assessor de campanhas, padre Leandro, apresentou a estrutura redacional, teol\u00f3gica e operacional do Texto-Base da CF 2011. \u201cOs temas propostos pela Igreja anualmente na Campanha da Fraternidade ressalta a caminhada que fazemos em comunh\u00e3o com as Confer\u00eancias Episcopais da Am\u00e9rica Latina na \u00f3ptica da renova\u00e7\u00e3o da Igreja e dos crist\u00e3os, pertinentes a vida social, pol\u00edtica e econ\u00f4mica e relativos \u00e0 exist\u00eancia humana\u201d, disse o assessor.<\/p>\n<p style=\"text-align: justify\">O Prefeito Municipal de Limeira, S\u00edlvio F\u00e9lix, tamb\u00e9m esteve presente e enalteceu a proposta dessa campanha e parabenizou a Igreja pela iniciativa. \u201cQuero agradecer a Igreja Cat\u00f3lica pela execu\u00e7\u00e3o da CF 2011 e ressaltar a import\u00e2ncia das a\u00e7\u00f5es e discuss\u00f5es que ela gerar\u00e1 nas comunidades, nas escolas, nas fam\u00edlias e na sociedade\u201d, afirmou o prefeito.<\/p>\n<p style=\"text-align: justify\"><img decoding=\"async\" loading=\"lazy\" class=\" alignright size-full wp-image-8747\" style=\"float: right\" src=\"https:\/\/www.cnbb.org.br\/wp-content\/uploads\/2020\/03\/dom_vilson_limeira_cf.jpg\" alt=\"dom_vilson_limeira_cf\" width=\"324\" height=\"243\" \/>Com o Manual da CF em m\u00e3os, o bispo diocesano, dom Vilson, fez o seu pronunciamento incentivando e encorajando a todos a participarem e se envolverem com as propostas da CF 2011. \u201c\u00c8 responsabilidade de todos n\u00f3s, crist\u00e3os, que queremos fazer crescer a Vida cuidando do nosso Planeta\u201d. O bispo diocesano lembrou-se das \u00faltimas cat\u00e1strofes e trag\u00e9dias ocorridas no meio ambiente e convocou a todos para um gesto de responsabilidade e comprometimento. \u201cA proposta da CNBB por meio da CF \u00e9 realizar a\u00e7\u00f5es concretas na preserva\u00e7\u00e3o da Vida no Planeta. Precisamos apontar caminhos, principalmente sobre o aquecimento global, para solucionarmos esse problema\u201d, disse.<\/p>\n<p style=\"text-align: justify\"><strong>Jubileu da diocese de Limeira<\/strong><\/p>\n<p style=\"text-align: justify\"><img decoding=\"async\" loading=\"lazy\" class=\" alignright size-full wp-image-8748\" style=\"float: right\" src=\"https:\/\/www.cnbb.org.br\/wp-content\/uploads\/2020\/03\/Pe._Vladimir.jpg\" alt=\"Pe._Vladimir\" width=\"242\" height=\"253\" \/>O vig\u00e1rio geral, padre Vladimir, aproveitou a ocasi\u00e3o do lan\u00e7amento da CF-2011 para anunciar as comemora\u00e7\u00f5es dos 35 anos da diocese de Limeira. No dia 25 de junho toda a diocese estar\u00e1 reunida no Santu\u00e1rio Nacional de Aparecida para uma missa jubilar. \u201cVamos agradecer na Casa da M\u00e3e Aparecida esses 35 anos de caminhada eclesial\u201d, antecipou. A missa ser\u00e1 presidida pelo bispo diocesano, Dom Vilson, juntamente com os presb\u00edteros, di\u00e1conos, religiosos, seminaristas, leigos de todas as par\u00f3quias dos 16 munic\u00edpios que comp\u00f5em a diocese de Limeira. \u201cA nossa diocese ganha a cada dia mais visibilidade e dinamismo por meio da a\u00e7\u00e3o pastoral e social que desenvolve nessa regi\u00e3o ao longo desses 35 anos de atua\u00e7\u00e3o\u201d, comemorou o bispo.<\/p>\n","protected":false},"excerpt":{"rendered":"<p>A diocese de Limeira (SP) realizou a solenidade de lan\u00e7amento da Campanha da Fraternidade 2011, \u201cFraternidade e a Vida no Planeta\u201d, na tarde desta quinta-feira, 10, na catedral diocesana Nossa Senhora das Dores, em Limeira. O evento foi presidido pelo bispo diocesano, dom Vilson Dias de Oliveira; pelo Vig\u00e1rio Geral, padre Vladmir Hergert e pelo &hellip;<\/p>\n<p class=\"read-more\"> <a class=\"\" href=\"https:\/\/www.cnbb.org.br\/lancada-cf-2011-na-diocese-de-limeira\/\"> <span class=\"screen-reader-text\">Lan\u00e7ada CF-2011 na diocese de Limeira<\/span> Leia mais &raquo;<\/a><\/p>\n","protected":false},"author":83,"featured_media":13322,"comment_status":"open","ping_status":"open","sticky":false,"template":"","format":"standard","meta":{"site-sidebar-layout":"default","site-content-layout":"default","ast-global-header-display":"","ast-banner-title-visibility":"","ast-main-header-display":"","ast-hfb-above-header-display":"","ast-hfb-below-header-display":"","ast-hfb-mobile-header-display":"","site-post-title":"","ast-breadcrumbs-content":"","ast-featured-img":"","footer-sml-layout":"","theme-transparent-header-meta":"","adv-header-id-meta":"","stick-header-meta":"","header-above-stick-meta":"","header-main-stick-meta":"","header-below-stick-meta":""},"categories":[759,760],"tags":[],"acf":[],"_links":{"self":[{"href":"https:\/\/www.cnbb.org.br\/cnbb-app\/wp\/v2\/posts\/13321"}],"collection":[{"href":"https:\/\/www.cnbb.org.br\/cnbb-app\/wp\/v2\/posts"}],"about":[{"href":"https:\/\/www.cnbb.org.br\/cnbb-app\/wp\/v2\/types\/post"}],"author":[{"embeddable":true,"href":"https:\/\/www.cnbb.org.br\/cnbb-app\/wp\/v2\/users\/83"}],"replies":[{"embeddable":true,"href":"https:\/\/www.cnbb.org.br\/cnbb-app\/wp\/v2\/comments?post=13321"}],"version-history":[{"count":0,"href":"https:\/\/www.cnbb.org.br\/cnbb-app\/wp\/v2\/posts\/13321\/revisions"}],"wp:featuredmedia":[{"embeddable":true,"href":"https:\/\/www.cnbb.org.br\/cnbb-app\/wp\/v2\/media\/13322"}],"wp:attachment":[{"href":"https:\/\/www.cnbb.org.br\/cnbb-app\/wp\/v2\/media?parent=13321"}],"wp:term":[{"taxonomy":"category","embeddable":true,"href":"https:\/\/www.cnbb.org.br\/cnbb-app\/wp\/v2\/categories?post=13321"},{"taxonomy":"post_tag","embeddable":true,"href":"https:\/\/www.cnbb.org.br\/cnbb-app\/wp\/v2\/tags?post=13321"}],"curies":[{"name":"wp","href":"https:\/\/api.w.org\/{rel}","templated":true}]}}