{"id":13331,"date":"2011-03-18T00:00:00","date_gmt":"2011-03-18T03:00:00","guid":{"rendered":"https:\/\/www.cnbb.org.br\/dom-esmeraldo-apresenta-a-campanha-da-fraternidade-aos-vereadores-de-santarem\/"},"modified":"2011-03-18T00:00:00","modified_gmt":"2011-03-18T03:00:00","slug":"dom-esmeraldo-apresenta-a-campanha-da-fraternidade-aos-vereadores-de-santarem","status":"publish","type":"post","link":"https:\/\/www.cnbb.org.br\/dom-esmeraldo-apresenta-a-campanha-da-fraternidade-aos-vereadores-de-santarem\/","title":{"rendered":"Dom Esmeraldo apresenta a Campanha da Fraternidade aos vereadores de Santar\u00e9m"},"content":{"rendered":"<p style=\"text-align: justify\">O bispo de Santar\u00e9m, no Par\u00e1, dom Esmeraldo Barreto de Farias, participou, na \u00faltima ter\u00e7a-feira, 15, da sess\u00e3o especial realizada pela C\u00e2mara Municipal de Santar\u00e9m, para discutir a tem\u00e1tica da Campanha da Fraternidade (CF). Durante a sess\u00e3o, foram apresentados os objetivos da Campanha e exibido o v\u00eddeo de divulga\u00e7\u00e3o de seu conte\u00fado.<\/p>\n<p><!--more--><\/p>\n<p style=\"text-align: justify\">Segundo dom Esmeraldo o excesso de produ\u00e7\u00e3o e de consumo contribui \u201csignificativamente para as mudan\u00e7as clim\u00e1ticas, sobretudo na regi\u00e3o da Amaz\u00f4nia\u201d. O bispo falou, tamb\u00e9m, da constru\u00e7\u00e3o das hidrel\u00e9tricas na regi\u00e3o e questionou o projeto desenvolvimentista do pa\u00eds.<\/p>\n<p style=\"text-align: justify\">\u201cN\u00e3o \u00e9 qualquer desenvolvimento que interessa ao povo brasileiro e a n\u00f3s na Amaz\u00f4nia. Ele precisa levar em conta as pessoas que moram onde as hidrel\u00e9tricas poder\u00e3o ser constru\u00eddas. Eu morei sete anos nas proximidades da barragem da hidrel\u00e9trica de Paulo Afonso, na Bahia, at\u00e9 2007, e os \u00edndios ainda estavam sem a terra 20 anos depois da constru\u00e7\u00e3o da barragem. Imagine como ser\u00e1 o destino das popula\u00e7\u00f5es ind\u00edgenas e tradicionais da Amaz\u00f4nia afetadas por essas constru\u00e7\u00f5es\u201d, disse dom Esmeraldo.<\/p>\n<p style=\"text-align: justify\">Dom Esmeraldo cobrou dos vereadores da cidade a efetiva\u00e7\u00e3o do Conselho Municipal do Meio Ambiente, criado no ano passado, mas que at\u00e9 o momento ainda n\u00e3o entrou em funcionamento.<\/p>\n<p style=\"text-align: justify\"><strong>Semin\u00e1rio <\/strong><br \/>\nNo dia 3 de abril, a diocese promove, em Santar\u00e9m, um semin\u00e1rio sobre o projeto que prev\u00ea a constru\u00e7\u00e3o de dezenas de hidrel\u00e9tricas nos rios Tapaj\u00f3s e Xingu. O evento ir\u00e1 contar com a participa\u00e7\u00e3o de movimentos sociais de Altamira e Itaituba, munic\u00edpios que ser\u00e3o afetados pela constru\u00e7\u00e3o das hidrel\u00e9tricas de Belo Monte e de S\u00e3o Luis do Tapaj\u00f3s, respectivamente.<\/p>\n","protected":false},"excerpt":{"rendered":"<p>O bispo de Santar\u00e9m, no Par\u00e1, dom Esmeraldo Barreto de Farias, participou, na \u00faltima ter\u00e7a-feira, 15, da sess\u00e3o especial realizada pela C\u00e2mara Municipal de Santar\u00e9m, para discutir a tem\u00e1tica da Campanha da Fraternidade (CF). Durante a sess\u00e3o, foram apresentados os objetivos da Campanha e exibido o v\u00eddeo de divulga\u00e7\u00e3o de seu conte\u00fado.<\/p>\n","protected":false},"author":83,"featured_media":13332,"comment_status":"open","ping_status":"open","sticky":false,"template":"","format":"standard","meta":{"site-sidebar-layout":"default","site-content-layout":"default","ast-global-header-display":"","ast-banner-title-visibility":"","ast-main-header-display":"","ast-hfb-above-header-display":"","ast-hfb-below-header-display":"","ast-hfb-mobile-header-display":"","site-post-title":"","ast-breadcrumbs-content":"","ast-featured-img":"","footer-sml-layout":"","theme-transparent-header-meta":"","adv-header-id-meta":"","stick-header-meta":"","header-above-stick-meta":"","header-main-stick-meta":"","header-below-stick-meta":""},"categories":[759,760],"tags":[],"acf":[],"_links":{"self":[{"href":"https:\/\/www.cnbb.org.br\/cnbb-app\/wp\/v2\/posts\/13331"}],"collection":[{"href":"https:\/\/www.cnbb.org.br\/cnbb-app\/wp\/v2\/posts"}],"about":[{"href":"https:\/\/www.cnbb.org.br\/cnbb-app\/wp\/v2\/types\/post"}],"author":[{"embeddable":true,"href":"https:\/\/www.cnbb.org.br\/cnbb-app\/wp\/v2\/users\/83"}],"replies":[{"embeddable":true,"href":"https:\/\/www.cnbb.org.br\/cnbb-app\/wp\/v2\/comments?post=13331"}],"version-history":[{"count":0,"href":"https:\/\/www.cnbb.org.br\/cnbb-app\/wp\/v2\/posts\/13331\/revisions"}],"wp:featuredmedia":[{"embeddable":true,"href":"https:\/\/www.cnbb.org.br\/cnbb-app\/wp\/v2\/media\/13332"}],"wp:attachment":[{"href":"https:\/\/www.cnbb.org.br\/cnbb-app\/wp\/v2\/media?parent=13331"}],"wp:term":[{"taxonomy":"category","embeddable":true,"href":"https:\/\/www.cnbb.org.br\/cnbb-app\/wp\/v2\/categories?post=13331"},{"taxonomy":"post_tag","embeddable":true,"href":"https:\/\/www.cnbb.org.br\/cnbb-app\/wp\/v2\/tags?post=13331"}],"curies":[{"name":"wp","href":"https:\/\/api.w.org\/{rel}","templated":true}]}}