{"id":13345,"date":"2011-04-04T00:00:00","date_gmt":"2011-04-04T03:00:00","guid":{"rendered":"https:\/\/www.cnbb.org.br\/sessao-solene-da-camara-dos-deputados-reverencia-tema-da-campanha-da-fraternidade-2011\/"},"modified":"2011-04-04T00:00:00","modified_gmt":"2011-04-04T03:00:00","slug":"sessao-solene-da-camara-dos-deputados-reverencia-tema-da-campanha-da-fraternidade-2011","status":"publish","type":"post","link":"https:\/\/www.cnbb.org.br\/sessao-solene-da-camara-dos-deputados-reverencia-tema-da-campanha-da-fraternidade-2011\/","title":{"rendered":"Sess\u00e3o Solene da C\u00e2mara dos Deputados reverencia tema da Campanha da Fraternidade 2011"},"content":{"rendered":"<p style=\"text-align: justify\">Com 50 jovens do coral Canto do Padre Roque, cantando o hino da Campanha da Fraternidade 2011, aconteceu hoje, 4, uma sess\u00e3o solene em que a C\u00e2mara dos Deputados homenageou o lan\u00e7amento da CF 2011, no plen\u00e1rio da casa.<\/p>\n<p><!--more--><\/p>\n<p style=\"text-align: justify\">A sess\u00e3o foi presidida pelo deputado Mauro Benevides (PMDB-CE), que destacou a import\u00e2ncia da Confer\u00eancia Nacional dos Bispos do Brasil (CNBB) e o papel da Campanha da Fraternidade na conscientiza\u00e7\u00e3o de assuntos \u201cimportantes para a sociedade, como \u00e9 o caso do aquecimento global e das mudan\u00e7as clim\u00e1ticas\u201d. Segundo o deputado, a CF 2011 contribui para o debate trazendo em pauta assuntos \u201cde alta prioridade\u201d nacional.<\/p>\n<p style=\"text-align: justify\"><img decoding=\"async\" loading=\"lazy\" class=\" alignleft size-full wp-image-9119\" style=\"float: left\" title=\"Secret\u00e1rio executivo da CF, padre Luiz Carlos Dias\" src=\"https:\/\/www.cnbb.org.br\/wp-content\/uploads\/2020\/03\/SessoCF3.jpg\" alt=\"SessoCF3\" width=\"300\" height=\"199\" \/>Para o secret\u00e1rio executivo da Campanha da Fraternidade, padre Luiz Carlos Dias, a campanha tem tido uma aceita\u00e7\u00e3o grande. \u201cJ\u00e1 discursamos no Senado Federal, agora \u00e9 a vez da C\u00e2mara dos Deputados, mas o grande debate se d\u00e1 nos lares, nas igrejas, nas universidades. A terra geme em dores de parto. N\u00e3o podemos deixar que a cria\u00e7\u00e3o divina seja destru\u00edda por pr\u00e1ticas agressivas e explorat\u00f3rias. Que todos n\u00f3s tenhamos consci\u00eancia para que haja uma mudan\u00e7a e uma convers\u00e3o geral. Que o reino de Deus permane\u00e7a magn\u00edfico como Ele criou\u201d, destacou o padre.<\/p>\n<p style=\"text-align: justify\">O deputado Luiz Couto (PT-PB) leu uma carta do tamb\u00e9m deputado Chico Alencar (PSOL-RJ), na qual Alencar afirma que com a divulga\u00e7\u00e3o do tema e do lema da CF 2011, e com os recentes acontecimentos no Jap\u00e3o, o estado do Rio de Janeiro convocou uma reuni\u00e3o para debater a quest\u00f5es referentes \u00e0 utiliza\u00e7\u00e3o de energia nuclear. \u201cA Campanha da Fraternidade desperta uma consci\u00eancia na retomada do rumo correto de nossa sociedade, que infelizmente \u00e9 pautada no consumismo e na explora\u00e7\u00e3o do planeta\u201d, disse.<\/p>\n<p style=\"text-align: justify\"><img decoding=\"async\" loading=\"lazy\" class=\" alignleft size-full wp-image-9120\" style=\"float: left\" title=\"Coral Canto do Padre Roque\" src=\"https:\/\/www.cnbb.org.br\/wp-content\/uploads\/2020\/03\/SessoCF2.jpg\" alt=\"SessoCF2\" width=\"300\" height=\"199\" \/>Para o deputado Nelson Pellegrino (PT-BA) a escolha do tema da CF, pelos bispos da CNBB, foi \u201cprof\u00e9tica e muito bem colocada\u201d. \u201cA escolha foi feita com muita sabedoria e com um car\u00e1ter prof\u00e9tico, pois s\u00e3o temas escolhidos com at\u00e9 dois anos de anteced\u00eancia, portanto, a CNBB acertou mais uma vez em colocar em cheque o consumismo que o capitalismo oferece, num mundo chacoalhado por terremotos e tsunamis, com os que atingiram o Jap\u00e3o, nos \u00faltimos dias\u201d.<\/p>\n<p style=\"text-align: justify\">Outros dois deputados, Jos\u00e9 Linhares (PP-CE) e Izalci Lucas (PR-DF) falaram da import\u00e2ncia do ato solene e da CF. O assessor pol\u00edtico da CNBB, padre Jos\u00e9 Ernanne Pinheiro, completou a composi\u00e7\u00e3o da mesa.<\/p>\n<p style=\"text-align: justify\">O evento foi transmitido ao vivo pela TV C\u00e2mara para todo o pa\u00eds.<\/p>\n","protected":false},"excerpt":{"rendered":"<p>Com 50 jovens do coral Canto do Padre Roque, cantando o hino da Campanha da Fraternidade 2011, aconteceu hoje, 4, uma sess\u00e3o solene em que a C\u00e2mara dos Deputados homenageou o lan\u00e7amento da CF 2011, no plen\u00e1rio da casa.<\/p>\n","protected":false},"author":83,"featured_media":13346,"comment_status":"open","ping_status":"open","sticky":false,"template":"","format":"standard","meta":{"site-sidebar-layout":"default","site-content-layout":"default","ast-global-header-display":"","ast-banner-title-visibility":"","ast-main-header-display":"","ast-hfb-above-header-display":"","ast-hfb-below-header-display":"","ast-hfb-mobile-header-display":"","site-post-title":"","ast-breadcrumbs-content":"","ast-featured-img":"","footer-sml-layout":"","theme-transparent-header-meta":"","adv-header-id-meta":"","stick-header-meta":"","header-above-stick-meta":"","header-main-stick-meta":"","header-below-stick-meta":""},"categories":[759,760],"tags":[],"acf":[],"_links":{"self":[{"href":"https:\/\/www.cnbb.org.br\/cnbb-app\/wp\/v2\/posts\/13345"}],"collection":[{"href":"https:\/\/www.cnbb.org.br\/cnbb-app\/wp\/v2\/posts"}],"about":[{"href":"https:\/\/www.cnbb.org.br\/cnbb-app\/wp\/v2\/types\/post"}],"author":[{"embeddable":true,"href":"https:\/\/www.cnbb.org.br\/cnbb-app\/wp\/v2\/users\/83"}],"replies":[{"embeddable":true,"href":"https:\/\/www.cnbb.org.br\/cnbb-app\/wp\/v2\/comments?post=13345"}],"version-history":[{"count":0,"href":"https:\/\/www.cnbb.org.br\/cnbb-app\/wp\/v2\/posts\/13345\/revisions"}],"wp:featuredmedia":[{"embeddable":true,"href":"https:\/\/www.cnbb.org.br\/cnbb-app\/wp\/v2\/media\/13346"}],"wp:attachment":[{"href":"https:\/\/www.cnbb.org.br\/cnbb-app\/wp\/v2\/media?parent=13345"}],"wp:term":[{"taxonomy":"category","embeddable":true,"href":"https:\/\/www.cnbb.org.br\/cnbb-app\/wp\/v2\/categories?post=13345"},{"taxonomy":"post_tag","embeddable":true,"href":"https:\/\/www.cnbb.org.br\/cnbb-app\/wp\/v2\/tags?post=13345"}],"curies":[{"name":"wp","href":"https:\/\/api.w.org\/{rel}","templated":true}]}}