{"id":13369,"date":"2011-07-08T00:00:00","date_gmt":"2011-07-08T03:00:00","guid":{"rendered":"https:\/\/www.cnbb.org.br\/tema-da-cf-2012-e-apresentado-na-abertura-da-expocatolica\/"},"modified":"2011-07-08T00:00:00","modified_gmt":"2011-07-08T03:00:00","slug":"tema-da-cf-2012-e-apresentado-na-abertura-da-expocatolica","status":"publish","type":"post","link":"https:\/\/www.cnbb.org.br\/tema-da-cf-2012-e-apresentado-na-abertura-da-expocatolica\/","title":{"rendered":"Tema da CF-2012 \u00e9 apresentado na abertura da ExpoCat\u00f3lica"},"content":{"rendered":"<p style=\"text-align: justify\">Na manh\u00e3 desta quinta-feira, 7, o secret\u00e1rio geral da Confer\u00eancia Nacional dos Bispos do Brasil (CNBB), dom Leonardo Ulrich Steiner, coordenou a apresenta\u00e7\u00e3o oficial do tema da Campanha da Fraternidade de 2012, \u201cFraternidade e Sa\u00fade P\u00fablica\u201d, na abertura da ExpoCat\u00f3lica, que acontece entre 7 e 10 de julho, no Pavilh\u00e3o Verde do ExpoCenter Norte, em S\u00e3o Paulo (SP).<\/p>\n<p><!--more--><\/p>\n<p style=\"text-align: justify\">&#8220;A campanha \u00e9 um tempo breve para que a popula\u00e7\u00e3o tenha consci\u00eancia do tema abordado. Temos a melhor proposta de sa\u00fade p\u00fablica do mundo, o SUS, mas os nossos pobres nem sempre t\u00eam acesso. A nossa sa\u00fade publica \u00e9 um grande problema. Precisamos tomar consci\u00eancia disso para que tenhamos uma atitude&#8221;, disse durante sua apresenta\u00e7\u00e3o o secret\u00e1rio da CNBB.<\/p>\n<p style=\"text-align: justify\">Estiveram presentes o arcebispo de S\u00e3o Paulo (SP), cardeal Odilo Pedro Scherer; o secret\u00e1rio executivo da Campanha da Fraternidade (CF), padre Luiz Carlos Dias; representantes do governo estadual paulista e do federal, bem como o c\u00f4nsul-geral de Israel em S\u00e3o Paulo, Ilan Sztulman.<\/p>\n<p style=\"text-align: justify\">&#8220;N\u00f3s, cat\u00f3licos, fazemos muitas\u00a0 coisas, mas nem sempre as tornamos vis\u00edveis. N\u00e3o apresentamos publicamente aquilo que fazemos seguindo o conselho de Jesus: &#8216;Que tua m\u00e3o esquerda n\u00e3o saiba o que fez a direita&#8217;. Mas Cristo tamb\u00e9m falou: &#8216;Que brilhe a vossa luz&#8217;. Por isso, precisamos sim mostrar aquilo que a Igreja cat\u00f3lica faz e promove para a sociedade&#8221;, destacou dom Odilo.<\/p>\n<p style=\"text-align: justify\">O diretor da Feira, F\u00e1bio Castro, iniciou seu discurso usando a mesma passagem B\u00edblica: &#8220;Que tua m\u00e3o esquerda n\u00e3o saiba o que fez a direita&#8221; (Mt 6,3). &#8220;Criamos h\u00e1 oito anos a ExpoCat\u00f3lica, primeira feira da Am\u00e9rica latina do segmento religioso, um projeto que, na \u00e9poca parecia muito ousado, devido os desafios di\u00e1rios. A Igreja n\u00e3o sabe expor suas obras. Mas h\u00e1 sim uma busca pelo reconhecimento do que deve ser mostrado para uma maior ades\u00e3o. A exposi\u00e7\u00e3o \u00e9 para multiplicar seus feitos. Testemunhar todo testemunho. \u00c9 preciso que sejamos vistos e possamos evangelizar mais&#8221;.<\/p>\n<p style=\"text-align: justify\">O C\u00f4nsul de Israel, ILan Sztulman, disse que estava presente para deixar tr\u00eas mensagens: &#8220;Primeiramente, estou aqui para confraternizar com a Igreja Cat\u00f3lica. O juda\u00edsmo tem por valor mais alto a vida. Em segundo lugar, reconhecer que o trabalho que a Igreja faz \u00e9 salvar a vida, o mais importante que temos. E o terceiro \u00e9 porque eu represento a terra de Israel, que \u00e9 a Terra Santa, \u00e9 que n\u00e3o \u00e9 somente dos Judeus. E eu quero convid\u00e1-los a visit\u00e1-la, pois l\u00e1 \u00e9 a casa de voc\u00eas tamb\u00e9m&#8221;.<\/p>\n<p style=\"text-align: justify\"><strong>ExpoCat\u00f3lica<\/strong><\/p>\n<p style=\"text-align: justify\">Principal evento cat\u00f3lico do g\u00eanero e considerada a maior feira de neg\u00f3cios e servi\u00e7os religiosos da Am\u00e9rica Latina, chega \u00e0 sua 8\u00aa edi\u00e7\u00e3o. S\u00e3o mais de 200 expositores presentes no evento. A Feira \u00e9 realizada desde 2003. O evento conta anualmente com cerca de 35.000 visitantes.<\/p>\n<p style=\"text-align: justify\">Outro destaque da ExpoCat\u00f3lica s\u00e3o os eventos realizados paralelamente, como o Sal\u00e3o ANEC de Educa\u00e7\u00e3o Cat\u00f3lica, a Expo Vocacional, o Sal\u00e3o Peregrinus \u2013 de turismo religioso \u2013 e o Congresso Nacional de Gest\u00e3o Eclesial (Conage), que est\u00e1 em sua 7\u00aa Edi\u00e7\u00e3o.Para a entrada, \u00e9 preciso doar 1kg de alimento n\u00e3o perec\u00edvel (exceto sal).<\/p>\n","protected":false},"excerpt":{"rendered":"<p>Na manh\u00e3 desta quinta-feira, 7, o secret\u00e1rio geral da Confer\u00eancia Nacional dos Bispos do Brasil (CNBB), dom Leonardo Ulrich Steiner, coordenou a apresenta\u00e7\u00e3o oficial do tema da Campanha da Fraternidade de 2012, \u201cFraternidade e Sa\u00fade P\u00fablica\u201d, na abertura da ExpoCat\u00f3lica, que acontece entre 7 e 10 de julho, no Pavilh\u00e3o Verde do ExpoCenter Norte, em &hellip;<\/p>\n<p class=\"read-more\"> <a class=\"\" href=\"https:\/\/www.cnbb.org.br\/tema-da-cf-2012-e-apresentado-na-abertura-da-expocatolica\/\"> <span class=\"screen-reader-text\">Tema da CF-2012 \u00e9 apresentado na abertura da ExpoCat\u00f3lica<\/span> Leia mais &raquo;<\/a><\/p>\n","protected":false},"author":83,"featured_media":13370,"comment_status":"open","ping_status":"open","sticky":false,"template":"","format":"standard","meta":{"site-sidebar-layout":"default","site-content-layout":"default","ast-global-header-display":"","ast-banner-title-visibility":"","ast-main-header-display":"","ast-hfb-above-header-display":"","ast-hfb-below-header-display":"","ast-hfb-mobile-header-display":"","site-post-title":"","ast-breadcrumbs-content":"","ast-featured-img":"","footer-sml-layout":"","theme-transparent-header-meta":"","adv-header-id-meta":"","stick-header-meta":"","header-above-stick-meta":"","header-main-stick-meta":"","header-below-stick-meta":""},"categories":[759,760],"tags":[],"acf":[],"_links":{"self":[{"href":"https:\/\/www.cnbb.org.br\/cnbb-app\/wp\/v2\/posts\/13369"}],"collection":[{"href":"https:\/\/www.cnbb.org.br\/cnbb-app\/wp\/v2\/posts"}],"about":[{"href":"https:\/\/www.cnbb.org.br\/cnbb-app\/wp\/v2\/types\/post"}],"author":[{"embeddable":true,"href":"https:\/\/www.cnbb.org.br\/cnbb-app\/wp\/v2\/users\/83"}],"replies":[{"embeddable":true,"href":"https:\/\/www.cnbb.org.br\/cnbb-app\/wp\/v2\/comments?post=13369"}],"version-history":[{"count":0,"href":"https:\/\/www.cnbb.org.br\/cnbb-app\/wp\/v2\/posts\/13369\/revisions"}],"wp:featuredmedia":[{"embeddable":true,"href":"https:\/\/www.cnbb.org.br\/cnbb-app\/wp\/v2\/media\/13370"}],"wp:attachment":[{"href":"https:\/\/www.cnbb.org.br\/cnbb-app\/wp\/v2\/media?parent=13369"}],"wp:term":[{"taxonomy":"category","embeddable":true,"href":"https:\/\/www.cnbb.org.br\/cnbb-app\/wp\/v2\/categories?post=13369"},{"taxonomy":"post_tag","embeddable":true,"href":"https:\/\/www.cnbb.org.br\/cnbb-app\/wp\/v2\/tags?post=13369"}],"curies":[{"name":"wp","href":"https:\/\/api.w.org\/{rel}","templated":true}]}}