{"id":13395,"date":"2012-02-23T00:00:00","date_gmt":"2012-02-23T02:00:00","guid":{"rendered":"https:\/\/www.cnbb.org.br\/ministro-da-saude-participa-da-abertura-da-campanha-da-fraternidade-2012\/"},"modified":"2012-02-23T00:00:00","modified_gmt":"2012-02-23T02:00:00","slug":"ministro-da-saude-participa-da-abertura-da-campanha-da-fraternidade-2012","status":"publish","type":"post","link":"https:\/\/www.cnbb.org.br\/ministro-da-saude-participa-da-abertura-da-campanha-da-fraternidade-2012\/","title":{"rendered":"Ministro da Sa\u00fade participa da abertura da Campanha da Fraternidade 2012"},"content":{"rendered":"<p style=\"text-align: justify\">O secret\u00e1rio geral da Confer\u00eancia Nacional dos Bispos do Brasil (CNBB), dom Leonardo Ulrich Steiner abriu hoje, 22 de fevereiro, no audit\u00f3rio da sede da CNNB, em Bras\u00edlia, o lan\u00e7amento da Campanha da Fraternidade 2012, que tem por tema \u2018Fraternidade e Sa\u00fade P\u00fablica\u2019. O Ministro da Sa\u00fade Alexandre Rocha dos Santos Padilha, participou da cerim\u00f4nia e elogiou a iniciativa da CNBB.<\/p>\n<p><!--more--><\/p>\n<p style=\"text-align: justify\">\u201c\u00c9 bom que a Igreja, entre as comunidades, venha debater a sa\u00fade (como tema central da Campanha da Fraternidade), porque isso permite que a sociedade escute, ainda mais, os problemas da sa\u00fade que temos no nosso pa\u00eds\u201d, disse.<\/p>\n<p style=\"text-align: justify\">O ministro foi questionado sobre o corte de cinco bilh\u00f5es de reais na \u00e1rea previstos para este ano. \u201cEsse corte n\u00e3o afeta nenhum programa do Minist\u00e9rio da Sa\u00fade. Tudo o que estava programado pelo minist\u00e9rio da Sa\u00fade e foi encaminhado ao Congresso, est\u00e1 absolutamente mantido\u201d, afirmou.<\/p>\n<p style=\"text-align: justify\">Em seu pronunciamento, dom Leonardo falou da preocupa\u00e7\u00e3o da CNBB com a decis\u00e3o do governo de cortar cinco bilh\u00f5es da \u00e1rea da sa\u00fade, no atual exerc\u00edcio fiscal.<\/p>\n<p style=\"text-align: justify\"><img decoding=\"async\" loading=\"lazy\" class=\" alignleft size-full wp-image-13680\" style=\"float: left\" src=\"https:\/\/www.cnbb.org.br\/wp-content\/uploads\/2020\/03\/alexandrepadilhanolancamentodacf-rotated.jpg\" alt=\"alexandrepadilhanolancamentodacf\" width=\"300\" height=\"230\" \/>Padilha ainda disse que haver\u00e1 recursos al\u00e9m do que foi proposto ao Congresso. \u201cTeremos o aumento de 17% em rela\u00e7\u00e3o a 2011. O aumento de 13 bilh\u00f5es de reais \u00e9 o maior aumento nominal de um ano para o outro, desde o ano 2000\u201d, afirmou o ministro.<\/p>\n<p style=\"text-align: justify\">O secret\u00e1rio geral da CNNB, dom Leonardo Ulrich Steiner, foi perguntado se, ao fazer cortes no or\u00e7amento, o governo n\u00e3o deveria ter poupado a sa\u00fade. \u201cH\u00e1 a tentativa de aplicar melhor os recursos. Naturalmente, gostar\u00edamos de ver mais recursos, porque as popula\u00e7\u00f5es pobre, do interior, ind\u00edgenas e quilombolas, v\u00e3o precisar. Existem muitas iniciativas que t\u00eam ajudado, mas existe uma popula\u00e7\u00e3o que, com o corte, ficar\u00e1 desprovida\u201d, respondeu.<\/p>\n<p style=\"text-align: justify\">Dom Leonardo disse que deve haver mais fiscaliza\u00e7\u00e3o, por parte da sociedade, quanto aos investimentos na sa\u00fade. \u201cFaz parte da cidadania ajudarmos o governo e o Estado. Os conselhos municipais s\u00e3o decisivos. Onde existe uma boa experi\u00eancia da participa\u00e7\u00e3o da sociedade nos conselhos, tem havido aplica\u00e7\u00e3o melhor de recursos, inclusive com a discuss\u00e3o de prioridades\u201d, declarou.<\/p>\n","protected":false},"excerpt":{"rendered":"<p>O secret\u00e1rio geral da Confer\u00eancia Nacional dos Bispos do Brasil (CNBB), dom Leonardo Ulrich Steiner abriu hoje, 22 de fevereiro, no audit\u00f3rio da sede da CNNB, em Bras\u00edlia, o lan\u00e7amento da Campanha da Fraternidade 2012, que tem por tema \u2018Fraternidade e Sa\u00fade P\u00fablica\u2019. O Ministro da Sa\u00fade Alexandre Rocha dos Santos Padilha, participou da cerim\u00f4nia &hellip;<\/p>\n<p class=\"read-more\"> <a class=\"\" href=\"https:\/\/www.cnbb.org.br\/ministro-da-saude-participa-da-abertura-da-campanha-da-fraternidade-2012\/\"> <span class=\"screen-reader-text\">Ministro da Sa\u00fade participa da abertura da Campanha da Fraternidade 2012<\/span> Leia mais &raquo;<\/a><\/p>\n","protected":false},"author":83,"featured_media":13396,"comment_status":"open","ping_status":"open","sticky":false,"template":"","format":"standard","meta":{"site-sidebar-layout":"default","site-content-layout":"default","ast-global-header-display":"","ast-banner-title-visibility":"","ast-main-header-display":"","ast-hfb-above-header-display":"","ast-hfb-below-header-display":"","ast-hfb-mobile-header-display":"","site-post-title":"","ast-breadcrumbs-content":"","ast-featured-img":"","footer-sml-layout":"","theme-transparent-header-meta":"","adv-header-id-meta":"","stick-header-meta":"","header-above-stick-meta":"","header-main-stick-meta":"","header-below-stick-meta":""},"categories":[759,760],"tags":[],"acf":[],"_links":{"self":[{"href":"https:\/\/www.cnbb.org.br\/cnbb-app\/wp\/v2\/posts\/13395"}],"collection":[{"href":"https:\/\/www.cnbb.org.br\/cnbb-app\/wp\/v2\/posts"}],"about":[{"href":"https:\/\/www.cnbb.org.br\/cnbb-app\/wp\/v2\/types\/post"}],"author":[{"embeddable":true,"href":"https:\/\/www.cnbb.org.br\/cnbb-app\/wp\/v2\/users\/83"}],"replies":[{"embeddable":true,"href":"https:\/\/www.cnbb.org.br\/cnbb-app\/wp\/v2\/comments?post=13395"}],"version-history":[{"count":0,"href":"https:\/\/www.cnbb.org.br\/cnbb-app\/wp\/v2\/posts\/13395\/revisions"}],"wp:featuredmedia":[{"embeddable":true,"href":"https:\/\/www.cnbb.org.br\/cnbb-app\/wp\/v2\/media\/13396"}],"wp:attachment":[{"href":"https:\/\/www.cnbb.org.br\/cnbb-app\/wp\/v2\/media?parent=13395"}],"wp:term":[{"taxonomy":"category","embeddable":true,"href":"https:\/\/www.cnbb.org.br\/cnbb-app\/wp\/v2\/categories?post=13395"},{"taxonomy":"post_tag","embeddable":true,"href":"https:\/\/www.cnbb.org.br\/cnbb-app\/wp\/v2\/tags?post=13395"}],"curies":[{"name":"wp","href":"https:\/\/api.w.org\/{rel}","templated":true}]}}