{"id":13397,"date":"2012-02-23T00:00:00","date_gmt":"2012-02-23T02:00:00","guid":{"rendered":"https:\/\/www.cnbb.org.br\/cf-2012-secretario-da-cnbb-destaca-avancos-e-desafios-a-saude-publica-no-pais\/"},"modified":"2012-02-23T00:00:00","modified_gmt":"2012-02-23T02:00:00","slug":"cf-2012-secretario-da-cnbb-destaca-avancos-e-desafios-a-saude-publica-no-pais","status":"publish","type":"post","link":"https:\/\/www.cnbb.org.br\/cf-2012-secretario-da-cnbb-destaca-avancos-e-desafios-a-saude-publica-no-pais\/","title":{"rendered":"CF-2012: Secret\u00e1rio da CNBB destaca avan\u00e7os e desafios \u00e0 sa\u00fade p\u00fablica no pa\u00eds"},"content":{"rendered":"<p style=\"text-align: justify\">Foi aberta, na tarde desta Quarta-Feira de Cinzas, a 49\u00aa Campanha da Fraternidade (CF), cujo tema \u00e9 \u201cFraternidade e Sa\u00fade P\u00fablica\u201d, com o lema \u201cQue a sa\u00fade se difunda sobre a terra\u201d. A solenidade de abertura, na sede da Confer\u00eancia Nacional dos Bispos do Brasil (CNBB), em Bras\u00edlia (DF), foi dirigida pelo secret\u00e1rio geral da entidade, dom Leonardo Steiner, e contou com a participa\u00e7\u00e3o do ministro da Sa\u00fade, Alexandre Padilha; do secret\u00e1rio executivo da CF, padre Luiz Carlos Dias, al\u00e9m de outros convidados. <!--more--><\/p>\n<p style=\"text-align: justify\">\u201cA Campanha da Fraternidade \u00e9 um tempo especial para a convers\u00e3o do cora\u00e7\u00e3o, atrav\u00e9s da pr\u00e1tica da ora\u00e7\u00e3o, do jejum e da esmola, como processo de abertura necess\u00e1ria para sermos tocados pela grandeza da vida nova que nasce da cruz e da ressurrei\u00e7\u00e3o\u201d, disse dom Leonardo.<\/p>\n<p style=\"text-align: justify\">Em seu discurso, o secret\u00e1rio geral da CNBB disse que houve \u201csignificativos avan\u00e7os\u201d nas \u00faltimas d\u00e9cadas da sa\u00fade p\u00fablica no pa\u00eds, como o aumento da expectativa de vida da popula\u00e7\u00e3o, a dr\u00e1stica redu\u00e7\u00e3o da mortalidade infantil, a erradica\u00e7\u00e3o de algumas doen\u00e7as infecto-parasit\u00e1rias e a efic\u00e1cia da vacina\u00e7\u00e3o e do tratamento da Aids, elogiada internacionalmente.<\/p>\n<p style=\"text-align: justify\"><img decoding=\"async\" loading=\"lazy\" class=\" alignleft size-full wp-image-13685\" style=\"float: left\" src=\"https:\/\/www.cnbb.org.br\/wp-content\/uploads\/2020\/03\/domleonardocf2012.jpg\" alt=\"domleonardocf2012\" width=\"555\" height=\"369\" \/>Dom Leonardo tamb\u00e9m levantou pontos que ainda n\u00e3o s\u00e3o completamente sanados pelo Governo em rela\u00e7\u00e3o \u00e0 sa\u00fade. \u201cCom a Campanha da Fraternidade de 2012, a Igreja deseja sensibilizar a todos sobre uma das feridas sociais mais agudas de nosso pa\u00eds: a dura realidade dos filhos e filhas de Deus que enfrentam as longas filas para o atendimento \u00e0 sa\u00fade, a demorada espera para a realiza\u00e7\u00e3o de exames, a falta de vagas nos hospitais p\u00fablicos e a falta de medicamentos. Sem deixar de mencionar a situa\u00e7\u00e3o em que se encontra a sa\u00fade ind\u00edgena, dos quilombolas e da popula\u00e7\u00e3o que vive nas regi\u00f5es mais afastadas\u201d, destacou dom Leonardo.<\/p>\n<p>O bispo auxiliar de Bras\u00edlia ressaltou n\u00e3o ser exagero dizer que a sa\u00fade p\u00fablica no pa\u00eds \u201cn\u00e3o vai bem\u201d. \u201cOs problemas verificados na \u00e1rea da sa\u00fade s\u00e3o reflexos do contexto mais amplo de nossa economia de mercado, hoje globalizada, que n\u00e3o tem, muitas vezes, como horizonte os valores \u00e9tico-morais e sociais\u201d.<\/p>\n<p>Sobre o corte de cinco bilh\u00f5es de reais da \u00e1rea da sa\u00fade, dom Leonardo destacou que esta decis\u00e3o do governo preocupa e frustra \u201ca expectativa da popula\u00e7\u00e3o por maior destina\u00e7\u00e3o de recurso \u00e0 sa\u00fade\u201d ap\u00f3s a discuss\u00e3o da Emenda Constitucional 29.<\/p>\n<p><strong>Agradecimento \u00e0 CNBB<\/strong><\/p>\n<p><img decoding=\"async\" loading=\"lazy\" class=\" alignleft size-full wp-image-13686\" style=\"float: left\" src=\"https:\/\/www.cnbb.org.br\/wp-content\/uploads\/2020\/03\/ministroalexandrepadilha.jpg\" alt=\"ministroalexandrepadilha\" width=\"555\" height=\"279\" \/>O ministro da sa\u00fade, Alexandre Padilha, agradeceu \u00e0 CNBB, em nome do Minist\u00e9rio da Sa\u00fade, do Sistema \u00danico de Sa\u00fade (SUS) e do Conselho Nacional de Sa\u00fade (CNS), pela escolha do tema da Campanha da Fraternidade deste ano. \u201cAgradecemos esse gesto da CNBB por trazer a sa\u00fade, em especial a sa\u00fade p\u00fablica, como tema central de reflex\u00e3o da Quaresma e durante toda a Campanha da Fraternidade. Sabemos que isso provoca um debate permanente durante todo o ano na Igreja Cat\u00f3lica e nas comunidades. N\u00e3o poderia ter presente maior para o SUS do que esta iniciativa da Igreja Cat\u00f3lica\u201d, disse o ministro.<\/p>\n<p>Segundo Padilha, a responsabilidade e os desafios de consolidar o Sistema \u00danico de Sa\u00fade s\u00e3o enormes. \u201cPrimeiro pela dimens\u00e3o de nosso pa\u00eds, desafio que nenhum outro pa\u00eds com mais de 100 milh\u00f5es de habitantes assumiu. O Brasil assumiu em sua Constitui\u00e7\u00e3o, colocando a sa\u00fade como dever do Estado. E depois assumiu o SUS, que tem como princ\u00edpio levar sa\u00fade de forma integral e universal para toda a sua popula\u00e7\u00e3o. Sabemos que o desafio do SUS n\u00e3o \u00e9 pequeno\u201d, destacou.<\/p>\n<p>\u201cTenho a esperan\u00e7a de que nesta Campanha da Fraternidade, cada uma das comunidades do pa\u00eds possam discutir o \u2018SUS real\u2019, aquilo que \u00e9 a \u00fanica porta para 145 milh\u00f5es de brasileiros. \u00c9 a partir desse debate que poderemos enfrentar os problemas que temos a sanar na sa\u00fade p\u00fablica no pa\u00eds\u201d, observou o ministro.<\/p>\n<p><strong>Mensagem do Papa<\/strong><\/p>\n<p><img decoding=\"async\" loading=\"lazy\" class=\" alignright size-full wp-image-13687\" style=\"float: right\" src=\"https:\/\/www.cnbb.org.br\/wp-content\/uploads\/2020\/03\/peluizlancamentocf2012.jpg\" alt=\"peluizlancamentocf2012\" width=\"555\" height=\"382\" \/>\u201cDe bom grado me associo \u00e0 CNBB que lan\u00e7a uma nova Campanha da Fraternidade, sob o lema \u201cque a sa\u00fade se difunda sobre a terra\u201d (cf Eclo 38,8), com o objetivo de suscitar, a partir de uma reflex\u00e3o sobre a realidade da sa\u00fade no Brasil, um maior esp\u00edrito fraterno e comunit\u00e1rio na aten\u00e7\u00e3o dos enfermos e levar a sociedade a garanti a mais pessoas o direito de ter acesso aos meios necess\u00e1rios para uma vida saud\u00e1vel\u201d. Estas foram algumas palavras do papa Bento XVI na carta enviada \u00e0 CNBB por ocasi\u00e3o do lan\u00e7amento da CF. A carta foi lida na \u00edntegra pelo secret\u00e1rio executivo da CF, padre Luiz Carlos Dias, no ato de lan\u00e7amento Campanha.<\/p>\n<p>O papa desejou que esta Campanha inspire no \u201ccora\u00e7\u00e3o dos fi\u00e9is e das pessoas de boa vontade, uma solidariedade cada vez mais profunda para com os enfermos, tantas vezes sofrendo mais pela solid\u00e3o e abandono, do que pela doen\u00e7a\u201d.<\/p>\n<p>\u201cAssociando-me, pois, a esta iniciativa da CNBB e fazendo minhas as alegrias e as esperan\u00e7as, as tristezas e as ang\u00fastias de cada um, sa\u00fado fraternalmente quantos tomam parte, f\u00edsica ou espiritualmente, na Campanha, invocando pela intercess\u00e3o de Nossa Senhora Aparecida, para todos, mas de modo especial, para os doentes, o conforto e a fortaleza de Deus no cumprimento do dever de estado, individual, familiar e social, fonte de sa\u00fade e progresso do Brasil, tornando-se f\u00e9rtil na santidade, pr\u00f3spero na economia, justo na participa\u00e7\u00e3o das riquezas, alegre no servi\u00e7o p\u00fablico, equ\u00e2nime no poder e fraterno no desenvolvimento\u201d, escreveu o papa.<\/p>\n","protected":false},"excerpt":{"rendered":"<p>Foi aberta, na tarde desta Quarta-Feira de Cinzas, a 49\u00aa Campanha da Fraternidade (CF), cujo tema \u00e9 \u201cFraternidade e Sa\u00fade P\u00fablica\u201d, com o lema \u201cQue a sa\u00fade se difunda sobre a terra\u201d. A solenidade de abertura, na sede da Confer\u00eancia Nacional dos Bispos do Brasil (CNBB), em Bras\u00edlia (DF), foi dirigida pelo secret\u00e1rio geral da &hellip;<\/p>\n<p class=\"read-more\"> <a class=\"\" href=\"https:\/\/www.cnbb.org.br\/cf-2012-secretario-da-cnbb-destaca-avancos-e-desafios-a-saude-publica-no-pais\/\"> <span class=\"screen-reader-text\">CF-2012: Secret\u00e1rio da CNBB destaca avan\u00e7os e desafios \u00e0 sa\u00fade p\u00fablica no pa\u00eds<\/span> Leia mais &raquo;<\/a><\/p>\n","protected":false},"author":83,"featured_media":13398,"comment_status":"open","ping_status":"open","sticky":false,"template":"","format":"standard","meta":{"site-sidebar-layout":"default","site-content-layout":"default","ast-global-header-display":"","ast-banner-title-visibility":"","ast-main-header-display":"","ast-hfb-above-header-display":"","ast-hfb-below-header-display":"","ast-hfb-mobile-header-display":"","site-post-title":"","ast-breadcrumbs-content":"","ast-featured-img":"","footer-sml-layout":"","theme-transparent-header-meta":"","adv-header-id-meta":"","stick-header-meta":"","header-above-stick-meta":"","header-main-stick-meta":"","header-below-stick-meta":""},"categories":[759,760],"tags":[],"acf":[],"_links":{"self":[{"href":"https:\/\/www.cnbb.org.br\/cnbb-app\/wp\/v2\/posts\/13397"}],"collection":[{"href":"https:\/\/www.cnbb.org.br\/cnbb-app\/wp\/v2\/posts"}],"about":[{"href":"https:\/\/www.cnbb.org.br\/cnbb-app\/wp\/v2\/types\/post"}],"author":[{"embeddable":true,"href":"https:\/\/www.cnbb.org.br\/cnbb-app\/wp\/v2\/users\/83"}],"replies":[{"embeddable":true,"href":"https:\/\/www.cnbb.org.br\/cnbb-app\/wp\/v2\/comments?post=13397"}],"version-history":[{"count":0,"href":"https:\/\/www.cnbb.org.br\/cnbb-app\/wp\/v2\/posts\/13397\/revisions"}],"wp:featuredmedia":[{"embeddable":true,"href":"https:\/\/www.cnbb.org.br\/cnbb-app\/wp\/v2\/media\/13398"}],"wp:attachment":[{"href":"https:\/\/www.cnbb.org.br\/cnbb-app\/wp\/v2\/media?parent=13397"}],"wp:term":[{"taxonomy":"category","embeddable":true,"href":"https:\/\/www.cnbb.org.br\/cnbb-app\/wp\/v2\/categories?post=13397"},{"taxonomy":"post_tag","embeddable":true,"href":"https:\/\/www.cnbb.org.br\/cnbb-app\/wp\/v2\/tags?post=13397"}],"curies":[{"name":"wp","href":"https:\/\/api.w.org\/{rel}","templated":true}]}}