{"id":13414,"date":"2012-06-15T00:00:00","date_gmt":"2012-06-15T03:00:00","guid":{"rendered":"https:\/\/www.cnbb.org.br\/semana-do-migrante-discute-o-direito-a-saude-conforme-cf2012\/"},"modified":"2012-06-15T00:00:00","modified_gmt":"2012-06-15T03:00:00","slug":"semana-do-migrante-discute-o-direito-a-saude-conforme-cf2012","status":"publish","type":"post","link":"https:\/\/www.cnbb.org.br\/semana-do-migrante-discute-o-direito-a-saude-conforme-cf2012\/","title":{"rendered":"Semana do Migrante discute o direito \u00e0 sa\u00fade conforme CF2012"},"content":{"rendered":"<p style=\"text-align: justify\">O Servi\u00e7o Pastoral dos Migrantes (SPM) est\u00e1 lan\u00e7ando entre os dias 17 e 24 de junho, a 27\u00aa Semana do Migrante, com o tema \u201cMigra\u00e7\u00e3o e Sa\u00fade\u201d, e o lema \u201cConquistar Direitos \u00e9 defender a Sa\u00fade\u201d. Inspirada na Campanha da Fraternidade deste ano, a Semana do Migrante quer motivar as comunidades crist\u00e3s e amplos setores da sociedade civil a refletirem, celebrarem e se mobilizarem sobre o direito \u00e0 sa\u00fade de diferentes categorias de milhares de migrantes.<\/p>\n<p><!--more--><\/p>\n<p style=\"text-align: justify\">Frequentemente ignorados e vivendo com frequ\u00eancia nos espa\u00e7os segregados das nossas cidades, trabalhando e morando em condi\u00e7\u00f5es insalubres, os migrantes s\u00e3o v\u00edtimas potenciais de v\u00e1rias doen\u00e7as. Nas periferias das cidades s\u00e3o atingidos pelos problemas de saneamento b\u00e1sico, e convivem com a precariedade do atendimento p\u00fablico \u00e0 sa\u00fade. Os trabalhadores rurais tempor\u00e1rios, no isolamento das fazendas, sob um trabalho estafante, sofrem com o descaso dos seus empregadores, que em v\u00e1rios casos os leva \u00e0 morte ou \u00e0 invalidez precoce.<\/p>\n<p style=\"text-align: justify\">Os imigrantes hispano-americanos, nas grandes metr\u00f3poles, clandestinos em sua maioria, s\u00e3o v\u00edtimas de doen\u00e7as respirat\u00f3rias como a tuberculose. Mais grave \u00e9 a situa\u00e7\u00e3o em que se encontram os membros mais fr\u00e1geis das fam\u00edlias migrantes, as mulheres, os idosos e as crian\u00e7as.<\/p>\n<p style=\"text-align: justify\">O presidente do Servi\u00e7o Pastoral dos Migrantes e bispo de Pesqueira (PE), dom Jos\u00e9 Luiz Ferreira Salles, destaca que para viver com intensidade a tem\u00e1tica proposta pela Semana do Migrante, temos que ter \u201cdiante dos olhos e do cora\u00e7\u00e3o a atitude do Bom Samaritano que nos mostra a import\u00e2ncia de cuidar da vida mais fr\u00e1gil, em situa\u00e7\u00e3o de vulnerabilidade, machucada, abandonada \u00e0 beira do caminho, e sermos agraciados com a alegre descoberta de que Cristo est\u00e1 presente neles e nos diz: \u2018Fui estrangeiro e me acolheste\u2019 (Mt 25, 35)\u201d.<\/p>\n<p style=\"text-align: justify\">\u201cFrente a essa realidade \u00e9 que surge o clamor pelo respeito dos direitos fundamentais de toda pessoa humana, tamb\u00e9m dos migrantes, deslocados e estrangeiros, que vivem e trabalham precariamente em nosso pa\u00eds. O atendimento da sa\u00fade do migrante \u00e9 uma express\u00e3o de fraternidade para com aqueles que s\u00e3o diferentes de n\u00f3s, mas gozam da mesma dignidade de filhos de Deus\u201d, destacou a secret\u00e1ria executiva do Setor de Mobilidade Humana da CNBB, irm\u00e3 Claudina Scapini.<\/p>\n","protected":false},"excerpt":{"rendered":"<p>O Servi\u00e7o Pastoral dos Migrantes (SPM) est\u00e1 lan\u00e7ando entre os dias 17 e 24 de junho, a 27\u00aa Semana do Migrante, com o tema \u201cMigra\u00e7\u00e3o e Sa\u00fade\u201d, e o lema \u201cConquistar Direitos \u00e9 defender a Sa\u00fade\u201d. Inspirada na Campanha da Fraternidade deste ano, a Semana do Migrante quer motivar as comunidades crist\u00e3s e amplos setores &hellip;<\/p>\n<p class=\"read-more\"> <a class=\"\" href=\"https:\/\/www.cnbb.org.br\/semana-do-migrante-discute-o-direito-a-saude-conforme-cf2012\/\"> <span class=\"screen-reader-text\">Semana do Migrante discute o direito \u00e0 sa\u00fade conforme CF2012<\/span> Leia mais &raquo;<\/a><\/p>\n","protected":false},"author":83,"featured_media":13415,"comment_status":"open","ping_status":"open","sticky":false,"template":"","format":"standard","meta":{"site-sidebar-layout":"default","site-content-layout":"default","ast-global-header-display":"","ast-banner-title-visibility":"","ast-main-header-display":"","ast-hfb-above-header-display":"","ast-hfb-below-header-display":"","ast-hfb-mobile-header-display":"","site-post-title":"","ast-breadcrumbs-content":"","ast-featured-img":"","footer-sml-layout":"","theme-transparent-header-meta":"","adv-header-id-meta":"","stick-header-meta":"","header-above-stick-meta":"","header-main-stick-meta":"","header-below-stick-meta":""},"categories":[759,760],"tags":[],"acf":[],"_links":{"self":[{"href":"https:\/\/www.cnbb.org.br\/cnbb-app\/wp\/v2\/posts\/13414"}],"collection":[{"href":"https:\/\/www.cnbb.org.br\/cnbb-app\/wp\/v2\/posts"}],"about":[{"href":"https:\/\/www.cnbb.org.br\/cnbb-app\/wp\/v2\/types\/post"}],"author":[{"embeddable":true,"href":"https:\/\/www.cnbb.org.br\/cnbb-app\/wp\/v2\/users\/83"}],"replies":[{"embeddable":true,"href":"https:\/\/www.cnbb.org.br\/cnbb-app\/wp\/v2\/comments?post=13414"}],"version-history":[{"count":0,"href":"https:\/\/www.cnbb.org.br\/cnbb-app\/wp\/v2\/posts\/13414\/revisions"}],"wp:featuredmedia":[{"embeddable":true,"href":"https:\/\/www.cnbb.org.br\/cnbb-app\/wp\/v2\/media\/13415"}],"wp:attachment":[{"href":"https:\/\/www.cnbb.org.br\/cnbb-app\/wp\/v2\/media?parent=13414"}],"wp:term":[{"taxonomy":"category","embeddable":true,"href":"https:\/\/www.cnbb.org.br\/cnbb-app\/wp\/v2\/categories?post=13414"},{"taxonomy":"post_tag","embeddable":true,"href":"https:\/\/www.cnbb.org.br\/cnbb-app\/wp\/v2\/tags?post=13414"}],"curies":[{"name":"wp","href":"https:\/\/api.w.org\/{rel}","templated":true}]}}