{"id":13434,"date":"2012-09-19T00:00:00","date_gmt":"2012-09-19T03:00:00","guid":{"rendered":"https:\/\/www.cnbb.org.br\/natal-sediara-lancamento-nacional-da-cf-2013\/"},"modified":"2012-09-19T00:00:00","modified_gmt":"2012-09-19T03:00:00","slug":"natal-sediara-lancamento-nacional-da-cf-2013","status":"publish","type":"post","link":"https:\/\/www.cnbb.org.br\/natal-sediara-lancamento-nacional-da-cf-2013\/","title":{"rendered":"Natal sediar\u00e1 lan\u00e7amento nacional da CF 2013"},"content":{"rendered":"<div style=\"text-align: justify\">A programa\u00e7\u00e3o de lan\u00e7amento nacional da pr\u00f3xima Campanha da Fraternidade (CF), cuja tem\u00e1tica ser\u00e1 juventude, est\u00e1 definida. O planejamento foi feito durante reuni\u00e3o realizada na manh\u00e3 desta quarta-feira, 19 de setembro, em Natal (RN). A pr\u00f3xima edi\u00e7\u00e3o da CF, em 2013, celebra os 50 anos da cria\u00e7\u00e3o da iniciativa.<\/div>\n<div style=\"text-align: justify\"><\/div>\n<p><!--more--><\/p>\n<div style=\"text-align: justify\">\nAo abrir a reuni\u00e3o, o arcebispo de Natal, Dom Jaime Vieira da Rocha, falou da satisfa\u00e7\u00e3o da Arquidiocese de Natal em sediar o lan\u00e7amento da CF 2013. \u201cSer\u00e1 um momento de resgate da hist\u00f3ria da Campanha da Fraternidade, que come\u00e7ou aqui. Ficamos muito felizes pela compreens\u00e3o da CNBB em nos conceder a alegria desse momento, na hist\u00f3ria da Campanha. Para n\u00f3s, \u00e9 muito significativo\u201d, disse o arcebispo.<\/p>\n<p>O assessor da CF da Confer\u00eancia Nacional dos Bispos do Brasil (CNBB), Padre Luiz Carlos lembrou que a edi\u00e7\u00e3o de 2013, al\u00e9m de ser um momento comemorativo, ser\u00e1 tamb\u00e9m um momento de revis\u00e3o da Campanha da Fraternidade. \u201cA Campanha tem um forte poder de evangeliza\u00e7\u00e3o e, por isso, precisamos, cada vez mais, aprimor\u00e1-la\u201d, ressaltou. Ele lembrou que a decis\u00e3o de fazer o lan\u00e7amento da em Natal foi do Conselho Episcopal Pastoral \u2013 CONSEP, da CNBB.<\/p>\n<p>Para o lan\u00e7amento, ficou definida uma visita ao munic\u00edpio de N\u00edsia Floresta (RN) \u2013 lugar onde a Campanha teve in\u00edcio, na manh\u00e3 da quinta-feira, 14 de fevereiro de 2013;\u00a0 ainda no dia 14, \u00e0 tarde, haver\u00e1 uma entrevista coletiva com a imprensa; no dia 15, ser\u00e1 realizado um semin\u00e1rio sobre a tem\u00e1tica da CF 2013 \u2013 \u201cFraternidade e Juventude\u201d. Neste mesmo dia, \u00e0s 17 horas, ser\u00e1 realizada a solenidade oficial de lan\u00e7amento, e, \u00e0s 20 horas, na Catedral Metropolitana, ser\u00e1 celebrada missa, seguida de um show.<\/p>\n<p>Segundo o Padre Luiz Carlos, antes, no dia 13, quarta-feira de cinzas, em Bras\u00edlia, a presid\u00eancia da CNBB receber\u00e1 a imprensa, em entrevista coletiva. Tamb\u00e9m participaram da reuni\u00e3o o assessor da Comiss\u00e3o Episcopal para a Juventude, Padre Carlos S\u00e1vio Ribeiro; o bispo referencial para a juventude no Regional Nordeste 2, Dom Bernardino Marchi\u00f3; o bispo referencial para Campanhas para o Regional Nordeste 2, Dom Francisco Lucena; al\u00e9m das coordena\u00e7\u00f5es de Campanhas do Regional e a coordena\u00e7\u00e3o arquidiocesana do Setor Juventude.<\/p>\n<p><strong>Origem da CF<\/strong><\/p>\n<p>A primeira Campanha foi realizada na Arquidiocese de Natal em abril de 1962, por iniciativa do ent\u00e3o Administrador Apost\u00f3lico, Dom Eug\u00eanio de Ara\u00fajo Sales. O objetivo era fazer uma coleta em favor das obras sociais e apost\u00f3licas da Arquidiocese. A comunidade rural Timb\u00f3, no munic\u00edpio de N\u00edsia Floresta (RN), foi o lugar onde a campanha ocorreu, pela primeira vez.<\/p>\n<p>O lan\u00e7amento foi feito oficialmente numa entrevista do Administrador Apost\u00f3lico da Arquidiocese \u00e0s R\u00e1dios Rural de Natal e Poty. Dizia, ent\u00e3o, Dom Eug\u00eanio: \u201cN\u00e3o vai lhe ser pedida uma esmola, mas uma coisa que lhe custe; n\u00e3o se aceitar\u00e1 uma contribui\u00e7\u00e3o como favor, mas se espera uma caracter\u00edstica do cumprimento do dever; um dever elementar do crist\u00e3o. Aqui est\u00e1 lan\u00e7ada a Campanha em favor da grande coleta do dia 8 de abril, primeiro domingo da Paix\u00e3o\u201d.<\/p>\n<p>A experi\u00eancia foi adotada, logo em 1963, por 19 dioceses do Regional Nordeste 2, nos estados de Pernambuco, Para\u00edba, Rio Grande do Norte e Alagoas. Em 1964, a CNBB assumiu a Campanha da Fraternidade.<\/p><\/div>\n","protected":false},"excerpt":{"rendered":"<p>A programa\u00e7\u00e3o de lan\u00e7amento nacional da pr\u00f3xima Campanha da Fraternidade (CF), cuja tem\u00e1tica ser\u00e1 juventude, est\u00e1 definida. O planejamento foi feito durante reuni\u00e3o realizada na manh\u00e3 desta quarta-feira, 19 de setembro, em Natal (RN). A pr\u00f3xima edi\u00e7\u00e3o da CF, em 2013, celebra os 50 anos da cria\u00e7\u00e3o da iniciativa.<\/p>\n","protected":false},"author":83,"featured_media":13435,"comment_status":"open","ping_status":"open","sticky":false,"template":"","format":"standard","meta":{"site-sidebar-layout":"default","site-content-layout":"default","ast-global-header-display":"","ast-banner-title-visibility":"","ast-main-header-display":"","ast-hfb-above-header-display":"","ast-hfb-below-header-display":"","ast-hfb-mobile-header-display":"","site-post-title":"","ast-breadcrumbs-content":"","ast-featured-img":"","footer-sml-layout":"","theme-transparent-header-meta":"","adv-header-id-meta":"","stick-header-meta":"","header-above-stick-meta":"","header-main-stick-meta":"","header-below-stick-meta":""},"categories":[759,760],"tags":[],"acf":[],"_links":{"self":[{"href":"https:\/\/www.cnbb.org.br\/cnbb-app\/wp\/v2\/posts\/13434"}],"collection":[{"href":"https:\/\/www.cnbb.org.br\/cnbb-app\/wp\/v2\/posts"}],"about":[{"href":"https:\/\/www.cnbb.org.br\/cnbb-app\/wp\/v2\/types\/post"}],"author":[{"embeddable":true,"href":"https:\/\/www.cnbb.org.br\/cnbb-app\/wp\/v2\/users\/83"}],"replies":[{"embeddable":true,"href":"https:\/\/www.cnbb.org.br\/cnbb-app\/wp\/v2\/comments?post=13434"}],"version-history":[{"count":0,"href":"https:\/\/www.cnbb.org.br\/cnbb-app\/wp\/v2\/posts\/13434\/revisions"}],"wp:featuredmedia":[{"embeddable":true,"href":"https:\/\/www.cnbb.org.br\/cnbb-app\/wp\/v2\/media\/13435"}],"wp:attachment":[{"href":"https:\/\/www.cnbb.org.br\/cnbb-app\/wp\/v2\/media?parent=13434"}],"wp:term":[{"taxonomy":"category","embeddable":true,"href":"https:\/\/www.cnbb.org.br\/cnbb-app\/wp\/v2\/categories?post=13434"},{"taxonomy":"post_tag","embeddable":true,"href":"https:\/\/www.cnbb.org.br\/cnbb-app\/wp\/v2\/tags?post=13434"}],"curies":[{"name":"wp","href":"https:\/\/api.w.org\/{rel}","templated":true}]}}