{"id":13443,"date":"2013-01-09T00:00:00","date_gmt":"2013-01-09T02:00:00","guid":{"rendered":"https:\/\/www.cnbb.org.br\/campanha-da-fraternidade-sera-lancada-no-dia-13-de-fevereiro\/"},"modified":"2013-01-09T00:00:00","modified_gmt":"2013-01-09T02:00:00","slug":"campanha-da-fraternidade-sera-lancada-no-dia-13-de-fevereiro","status":"publish","type":"post","link":"https:\/\/www.cnbb.org.br\/campanha-da-fraternidade-sera-lancada-no-dia-13-de-fevereiro\/","title":{"rendered":"Campanha da Fraternidade ser\u00e1 lan\u00e7ada no dia 13 de fevereiro"},"content":{"rendered":"<p style=\"text-align: justify\">Ser\u00e1 lan\u00e7ada no dia 13 de fevereiro, quarta-feira de Cinzas, mais uma edi\u00e7\u00e3o da Campanha da Fraternidade (CF). Esse ano o tema ser\u00e1 \u201cFraternidade e Juventude\u201d e o lema \u201cEis-me aqui, envia-me!\u201d (Is 6,8).<\/p>\n<p><!--more--><\/p>\n<p style=\"text-align: justify\">Ap\u00f3s 21 anos da Campanha da Fraternidade de 1992, que abordou como tema central a juventude, a CF 2013, na sua 50\u00aa edi\u00e7\u00e3o, ter\u00e1 a mesma tem\u00e1tica. A acolhida da tem\u00e1tica \u201cjuventude\u201d tem como objetivo ter mais um elemento al\u00e9m da Jornada Mundial da Juventude (JMJ) para fortalecer o desejo de evangeliza\u00e7\u00e3o dos jovens.<\/p>\n<p style=\"text-align: justify\">O presidente da Comiss\u00e3o Episcopal Pastoral para a Juventude da Confer\u00eancia Nacional dos Bispos do Brasil (CNBB), dom Eduardo Pinheiro, explicou que uma das metas principais da CF de 2013 \u00e9 olhar a realidade juvenil, compreender a riqueza de suas diversidades, potencialidades e propostas, como tamb\u00e9m os desafios que provocam atitudes e aux\u00edlios aos jovens e aos adultos.<\/p>\n<p style=\"text-align: justify\">O objetivo geral da CF \u00e9 acolher os jovens no contexto de mudan\u00e7a de \u00e9poca, propiciando caminhos para seu protagonismo no seguimento de Jesus Cristo, na viv\u00eancia eclesial e na constru\u00e7\u00e3o de uma sociedade fraterna, fundamentada na cultura da vida, da justi\u00e7a e da paz.<\/p>\n<p style=\"text-align: justify\">\u201cDentro do sentido da palavra &#8216;acolher&#8217; est\u00e1 o valorizar, o respeitar o jovem que vive nesta situa\u00e7\u00e3o de mudan\u00e7a de \u00e9poca e isso n\u00e3o pode ser esquecido\u201d, destacou o presidente da Comiss\u00e3o da CNBB.<\/p>\n<p style=\"text-align: justify\">Na arquidiocese de Aparecida (SP), o lan\u00e7amento da CF 2013 ser\u00e1 no dia 31 de janeiro, em Guaratinguet\u00e1. A abertura ser\u00e1 feita pelo cardeal arcebispo de Aparecida e presidente da CNBB, dom Raymundo Damasceno Assis.<\/p>\n<p style=\"text-align: justify\"><strong>Em Natal<\/strong><\/p>\n<p style=\"text-align: justify\"><img decoding=\"async\" loading=\"lazy\" class=\" alignleft size-full wp-image-16298\" style=\"float: left\" src=\"https:\/\/www.cnbb.org.br\/wp-content\/uploads\/2020\/03\/CF2013Natalok.jpg\" alt=\"CF2013Natalok\" width=\"555\" height=\"370\" \/>A programa\u00e7\u00e3o de lan\u00e7amento nacional ser\u00e1 em Bras\u00edlia, na sede da CNBB e tamb\u00e9m na cidade de Natal (RN), arquidiocese que deu in\u00edcio \u00e0 Campanha, em 1962.<\/p>\n<p style=\"text-align: justify\">O arcebispo de Natal, dom Jaime Vieira da Rocha, falou da satisfa\u00e7\u00e3o da arquidiocese em sediar o lan\u00e7amento da CF 2013. \u201cSer\u00e1 um momento de resgate da hist\u00f3ria da Campanha da Fraternidade, que come\u00e7ou aqui. Ficamos muito felizes pela compreens\u00e3o da CNBB em nos conceder a alegria desse momento, na hist\u00f3ria da Campanha. Para n\u00f3s, \u00e9 muito significativo\u201d, disse o arcebispo.<\/p>\n<p style=\"text-align: justify\">O secret\u00e1rio executivo da Campanha da Fraternidade, padre Luiz Carlos Dias, lembrou que a edi\u00e7\u00e3o de 2013, al\u00e9m de ser um momento comemorativo, ser\u00e1 tamb\u00e9m um momento de revis\u00e3o da Campanha da Fraternidade. \u201cA Campanha tem um forte poder de evangeliza\u00e7\u00e3o e, por isso, precisamos, cada vez mais, aprimor\u00e1-la\u201d, ressaltou. Ele lembrou que a decis\u00e3o de fazer o lan\u00e7amento da em Natal foi do Conselho Episcopal Pastoral (Consep), da CNBB.<\/p>\n<p style=\"text-align: justify\">Para o lan\u00e7amento, ficou definida uma visita ao munic\u00edpio de N\u00edsia Floresta (RN) \u2013 lugar onde a Campanha teve in\u00edcio, na manh\u00e3 da quinta-feira, 14 de fevereiro de 2013; ainda no dia 14, \u00e0 tarde, haver\u00e1 uma entrevista coletiva com a imprensa; no dia 15, ser\u00e1 realizado um semin\u00e1rio sobre a tem\u00e1tica da CF 2013 \u2013 \u201cFraternidade e Juventude\u201d. Neste mesmo dia, \u00e0s 17 horas, ser\u00e1 realizada a solenidade oficial de lan\u00e7amento, e, \u00e0s 20 horas, na Catedral Metropolitana, ser\u00e1 celebrada missa, seguida de um show.<\/p>\n<p style=\"text-align: justify\">Segundo o padre Luiz Carlos, antes, no dia 13, quarta-feira de cinzas, em Bras\u00edlia, a presid\u00eancia da CNBB receber\u00e1 a imprensa, em entrevista coletiva.<\/p>\n<p style=\"text-align: justify\"><strong>Origem da CF<\/strong><\/p>\n<p style=\"text-align: justify\"><img decoding=\"async\" loading=\"lazy\" class=\" alignleft size-full wp-image-15382\" style=\"float: left\" src=\"https:\/\/www.cnbb.org.br\/wp-content\/uploads\/2020\/03\/Cf.jpg\" alt=\"cf\" width=\"195\" height=\"196\" \/>A primeira Campanha foi realizada na arquidiocese de Natal em abril de 1962, por iniciativa do ent\u00e3o administrador apost\u00f3lico, dom Eug\u00eanio de Ara\u00fajo Sales. O objetivo era fazer uma coleta em favor das obras sociais e apost\u00f3licas da arquidiocese. A comunidade rural de Timb\u00f3, no munic\u00edpio de N\u00edsia Floresta (RN), foi o lugar onde a campanha ocorreu, pela primeira vez.<\/p>\n<p style=\"text-align: justify\">O lan\u00e7amento foi feito oficialmente numa entrevista do administrador apost\u00f3lico da arquidiocese \u00e0s R\u00e1dios Rural de Natal e Poty. Dizia, ent\u00e3o, dom Eug\u00eanio: \u201cN\u00e3o vai lhe ser pedida uma esmola, mas uma coisa que lhe custe; n\u00e3o se aceitar\u00e1 uma contribui\u00e7\u00e3o como favor, mas se espera uma caracter\u00edstica do cumprimento do dever; um dever elementar do crist\u00e3o. Aqui est\u00e1 lan\u00e7ada a Campanha em favor da grande coleta do dia 8 de abril, primeiro domingo da Paix\u00e3o\u201d.<\/p>\n<p style=\"text-align: justify\">A experi\u00eancia foi adotada, logo em 1963, por 19 dioceses do Regional Nordeste 2, nos estados de Pernambuco, Para\u00edba, Rio Grande do Norte e Alagoas. Em 1964, a CNBB assumiu a Campanha da Fraternidade.<\/p>\n","protected":false},"excerpt":{"rendered":"<p>Ser\u00e1 lan\u00e7ada no dia 13 de fevereiro, quarta-feira de Cinzas, mais uma edi\u00e7\u00e3o da Campanha da Fraternidade (CF). Esse ano o tema ser\u00e1 \u201cFraternidade e Juventude\u201d e o lema \u201cEis-me aqui, envia-me!\u201d (Is 6,8).<\/p>\n","protected":false},"author":83,"featured_media":13435,"comment_status":"open","ping_status":"open","sticky":false,"template":"","format":"standard","meta":{"site-sidebar-layout":"default","site-content-layout":"default","ast-global-header-display":"","ast-banner-title-visibility":"","ast-main-header-display":"","ast-hfb-above-header-display":"","ast-hfb-below-header-display":"","ast-hfb-mobile-header-display":"","site-post-title":"","ast-breadcrumbs-content":"","ast-featured-img":"","footer-sml-layout":"","theme-transparent-header-meta":"","adv-header-id-meta":"","stick-header-meta":"","header-above-stick-meta":"","header-main-stick-meta":"","header-below-stick-meta":""},"categories":[759,760],"tags":[],"acf":[],"_links":{"self":[{"href":"https:\/\/www.cnbb.org.br\/cnbb-app\/wp\/v2\/posts\/13443"}],"collection":[{"href":"https:\/\/www.cnbb.org.br\/cnbb-app\/wp\/v2\/posts"}],"about":[{"href":"https:\/\/www.cnbb.org.br\/cnbb-app\/wp\/v2\/types\/post"}],"author":[{"embeddable":true,"href":"https:\/\/www.cnbb.org.br\/cnbb-app\/wp\/v2\/users\/83"}],"replies":[{"embeddable":true,"href":"https:\/\/www.cnbb.org.br\/cnbb-app\/wp\/v2\/comments?post=13443"}],"version-history":[{"count":0,"href":"https:\/\/www.cnbb.org.br\/cnbb-app\/wp\/v2\/posts\/13443\/revisions"}],"wp:featuredmedia":[{"embeddable":true,"href":"https:\/\/www.cnbb.org.br\/cnbb-app\/wp\/v2\/media\/13435"}],"wp:attachment":[{"href":"https:\/\/www.cnbb.org.br\/cnbb-app\/wp\/v2\/media?parent=13443"}],"wp:term":[{"taxonomy":"category","embeddable":true,"href":"https:\/\/www.cnbb.org.br\/cnbb-app\/wp\/v2\/categories?post=13443"},{"taxonomy":"post_tag","embeddable":true,"href":"https:\/\/www.cnbb.org.br\/cnbb-app\/wp\/v2\/tags?post=13443"}],"curies":[{"name":"wp","href":"https:\/\/api.w.org\/{rel}","templated":true}]}}