{"id":13448,"date":"2013-01-23T00:00:00","date_gmt":"2013-01-23T02:00:00","guid":{"rendered":"https:\/\/www.cnbb.org.br\/cnbb-prepara-o-lancamento-nacional-da-campanha-fraternidade-2013\/"},"modified":"2013-01-23T00:00:00","modified_gmt":"2013-01-23T02:00:00","slug":"cnbb-prepara-o-lancamento-nacional-da-campanha-fraternidade-2013","status":"publish","type":"post","link":"https:\/\/www.cnbb.org.br\/cnbb-prepara-o-lancamento-nacional-da-campanha-fraternidade-2013\/","title":{"rendered":"CNBB prepara o lan\u00e7amento nacional da Campanha Fraternidade 2013"},"content":{"rendered":"<p style=\"text-align: justify\">A Confer\u00eancia Nacional dos Bispos do Brasil realizar\u00e1 o lan\u00e7amento nacional da Campanha da Fraternidade (CF) em sua sede, em Bras\u00edlia. A programa\u00e7\u00e3o da cerim\u00f4nia de abertura da CF 2013 cuja tem\u00e1tica ser\u00e1 \u201cFraternidade e Juventude\u201d e o lema \u201cEis-me aqui, envia-me Senhor\u201d, acontecer\u00e1 no dia 13 de fevereiro \u2013 Quarta-feira de cinzas \u2013, a partir das 15h, no Audit\u00f3rio Dom H\u00e9lder C\u00e2mara.<\/p>\n<p><!--more--><\/p>\n<p style=\"text-align: justify\">O evento contar\u00e1 com as presen\u00e7as do secret\u00e1rio geral da CNBB, dom Leonardo Ulrich Steiner e do ministro-chefe da Secretaria Geral da Presid\u00eancia da Rep\u00fablica do Brasil, Gilberto Carvalho. De acordo com o secret\u00e1rio executivo da Campanha da Fraternidade, padre Luiz Carlos Dias, tamb\u00e9m haver\u00e1 grupos de jovens presentes na ocasi\u00e3o: \u201cN\u00f3s teremos a presen\u00e7a dos jovens expondo a realidade que eles vivenciam\u201d, revela.<\/p>\n<p style=\"text-align: justify\">\u201cAqui na sede da CNBB, teremos o lan\u00e7amento oficial e nacional da Campanha da Fraternidade 2013, mas outros eventos de lan\u00e7amento da CF ocorrem em v\u00e1rias arquidioceses e dioceses da Igreja no Brasil\u201d, explica o padre. \u201cInclusive, na arquidiocese de Natal (RN), ser\u00e1 celebrado os cinquenta anos da CF\u201d, completa.<\/p>\n<p style=\"text-align: justify\">Ap\u00f3s o lan\u00e7amento, haver\u00e1 um momento reservado para entrevistas com dom Leonardo Ulrich Steiner, com o ministro Gilberto Carvalho e demais participantes.<\/p>\n","protected":false},"excerpt":{"rendered":"<p>A Confer\u00eancia Nacional dos Bispos do Brasil realizar\u00e1 o lan\u00e7amento nacional da Campanha da Fraternidade (CF) em sua sede, em Bras\u00edlia. A programa\u00e7\u00e3o da cerim\u00f4nia de abertura da CF 2013 cuja tem\u00e1tica ser\u00e1 \u201cFraternidade e Juventude\u201d e o lema \u201cEis-me aqui, envia-me Senhor\u201d, acontecer\u00e1 no dia 13 de fevereiro \u2013 Quarta-feira de cinzas \u2013, a &hellip;<\/p>\n<p class=\"read-more\"> <a class=\"\" href=\"https:\/\/www.cnbb.org.br\/cnbb-prepara-o-lancamento-nacional-da-campanha-fraternidade-2013\/\"> <span class=\"screen-reader-text\">CNBB prepara o lan\u00e7amento nacional da Campanha Fraternidade 2013<\/span> Leia mais &raquo;<\/a><\/p>\n","protected":false},"author":83,"featured_media":13449,"comment_status":"open","ping_status":"open","sticky":false,"template":"","format":"standard","meta":{"site-sidebar-layout":"default","site-content-layout":"default","ast-global-header-display":"","ast-banner-title-visibility":"","ast-main-header-display":"","ast-hfb-above-header-display":"","ast-hfb-below-header-display":"","ast-hfb-mobile-header-display":"","site-post-title":"","ast-breadcrumbs-content":"","ast-featured-img":"","footer-sml-layout":"","theme-transparent-header-meta":"","adv-header-id-meta":"","stick-header-meta":"","header-above-stick-meta":"","header-main-stick-meta":"","header-below-stick-meta":""},"categories":[759,760],"tags":[],"acf":[],"_links":{"self":[{"href":"https:\/\/www.cnbb.org.br\/cnbb-app\/wp\/v2\/posts\/13448"}],"collection":[{"href":"https:\/\/www.cnbb.org.br\/cnbb-app\/wp\/v2\/posts"}],"about":[{"href":"https:\/\/www.cnbb.org.br\/cnbb-app\/wp\/v2\/types\/post"}],"author":[{"embeddable":true,"href":"https:\/\/www.cnbb.org.br\/cnbb-app\/wp\/v2\/users\/83"}],"replies":[{"embeddable":true,"href":"https:\/\/www.cnbb.org.br\/cnbb-app\/wp\/v2\/comments?post=13448"}],"version-history":[{"count":0,"href":"https:\/\/www.cnbb.org.br\/cnbb-app\/wp\/v2\/posts\/13448\/revisions"}],"wp:featuredmedia":[{"embeddable":true,"href":"https:\/\/www.cnbb.org.br\/cnbb-app\/wp\/v2\/media\/13449"}],"wp:attachment":[{"href":"https:\/\/www.cnbb.org.br\/cnbb-app\/wp\/v2\/media?parent=13448"}],"wp:term":[{"taxonomy":"category","embeddable":true,"href":"https:\/\/www.cnbb.org.br\/cnbb-app\/wp\/v2\/categories?post=13448"},{"taxonomy":"post_tag","embeddable":true,"href":"https:\/\/www.cnbb.org.br\/cnbb-app\/wp\/v2\/tags?post=13448"}],"curies":[{"name":"wp","href":"https:\/\/api.w.org\/{rel}","templated":true}]}}