{"id":13453,"date":"2013-02-06T00:00:00","date_gmt":"2013-02-06T02:00:00","guid":{"rendered":"https:\/\/www.cnbb.org.br\/diocese-de-criciuma-promove-estudo-da-campanha-da-fraternidade-2013\/"},"modified":"2013-02-06T00:00:00","modified_gmt":"2013-02-06T02:00:00","slug":"diocese-de-criciuma-promove-estudo-da-campanha-da-fraternidade-2013","status":"publish","type":"post","link":"https:\/\/www.cnbb.org.br\/diocese-de-criciuma-promove-estudo-da-campanha-da-fraternidade-2013\/","title":{"rendered":"Diocese de Crici\u00fama promove estudo da Campanha da Fraternidade 2013"},"content":{"rendered":"<p style=\"text-align: justify\">Nesta quinta-feira, 07 de fevereiro, a diocese de Crici\u00fama promove o segundo Estudo da Campanha da Fraternidade 2013, no Audit\u00f3rio do Col\u00e9gio Murialdo, no centro de Ararangu\u00e1 (SC). As atividades ser\u00e3o conduzidas pelo assessor da Comiss\u00e3o Episcopal Pastoral para a Juventude da CNBB, padre Ant\u00f4nio Ramos do Prado. S\u00e3o esperadas cerca de 150 pessoas das par\u00f3quias de toda a regi\u00e3o.<\/p>\n<p><!--more--><\/p>\n<p style=\"text-align: justify\"><img decoding=\"async\" loading=\"lazy\" class=\" alignright size-full wp-image-17787\" style=\"float: right\" src=\"https:\/\/www.cnbb.org.br\/wp-content\/uploads\/2020\/03\/estudo_cf2.jpg\" alt=\"estudo_cf2\" width=\"296\" height=\"166\" \/>O tema da CF 2013 \u00e9 \u201cFraternidade e Juventude\u201d e o lema \u201cEis-me aqui, envia-me!\u201d (Is 6,8). Conforme o coordenador diocesano de pastoral, padre Joel S\u00e1vio, o estudo ter\u00e1 in\u00edcio \u00e0s 08h30 e finalizar\u00e1 \u00e0s 16h, sendo que o per\u00edodo da manh\u00e3 ser\u00e1 dedicado \u00e0 reflex\u00e3o das propostas oferecidas pelo texto-base da CNBB e, \u00e0 tarde, haver\u00e1 uma mesa redonda contando com a participa\u00e7\u00e3o de profissionais de educa\u00e7\u00e3o e gestores p\u00fablicos.<\/p>\n","protected":false},"excerpt":{"rendered":"<p>Nesta quinta-feira, 07 de fevereiro, a diocese de Crici\u00fama promove o segundo Estudo da Campanha da Fraternidade 2013, no Audit\u00f3rio do Col\u00e9gio Murialdo, no centro de Ararangu\u00e1 (SC). As atividades ser\u00e3o conduzidas pelo assessor da Comiss\u00e3o Episcopal Pastoral para a Juventude da CNBB, padre Ant\u00f4nio Ramos do Prado. S\u00e3o esperadas cerca de 150 pessoas das &hellip;<\/p>\n<p class=\"read-more\"> <a class=\"\" href=\"https:\/\/www.cnbb.org.br\/diocese-de-criciuma-promove-estudo-da-campanha-da-fraternidade-2013\/\"> <span class=\"screen-reader-text\">Diocese de Crici\u00fama promove estudo da Campanha da Fraternidade 2013<\/span> Leia mais &raquo;<\/a><\/p>\n","protected":false},"author":83,"featured_media":13454,"comment_status":"open","ping_status":"open","sticky":false,"template":"","format":"standard","meta":{"site-sidebar-layout":"default","site-content-layout":"default","ast-global-header-display":"","ast-banner-title-visibility":"","ast-main-header-display":"","ast-hfb-above-header-display":"","ast-hfb-below-header-display":"","ast-hfb-mobile-header-display":"","site-post-title":"","ast-breadcrumbs-content":"","ast-featured-img":"","footer-sml-layout":"","theme-transparent-header-meta":"","adv-header-id-meta":"","stick-header-meta":"","header-above-stick-meta":"","header-main-stick-meta":"","header-below-stick-meta":""},"categories":[759,760],"tags":[],"acf":[],"_links":{"self":[{"href":"https:\/\/www.cnbb.org.br\/cnbb-app\/wp\/v2\/posts\/13453"}],"collection":[{"href":"https:\/\/www.cnbb.org.br\/cnbb-app\/wp\/v2\/posts"}],"about":[{"href":"https:\/\/www.cnbb.org.br\/cnbb-app\/wp\/v2\/types\/post"}],"author":[{"embeddable":true,"href":"https:\/\/www.cnbb.org.br\/cnbb-app\/wp\/v2\/users\/83"}],"replies":[{"embeddable":true,"href":"https:\/\/www.cnbb.org.br\/cnbb-app\/wp\/v2\/comments?post=13453"}],"version-history":[{"count":0,"href":"https:\/\/www.cnbb.org.br\/cnbb-app\/wp\/v2\/posts\/13453\/revisions"}],"wp:featuredmedia":[{"embeddable":true,"href":"https:\/\/www.cnbb.org.br\/cnbb-app\/wp\/v2\/media\/13454"}],"wp:attachment":[{"href":"https:\/\/www.cnbb.org.br\/cnbb-app\/wp\/v2\/media?parent=13453"}],"wp:term":[{"taxonomy":"category","embeddable":true,"href":"https:\/\/www.cnbb.org.br\/cnbb-app\/wp\/v2\/categories?post=13453"},{"taxonomy":"post_tag","embeddable":true,"href":"https:\/\/www.cnbb.org.br\/cnbb-app\/wp\/v2\/tags?post=13453"}],"curies":[{"name":"wp","href":"https:\/\/api.w.org\/{rel}","templated":true}]}}