{"id":13459,"date":"2013-02-13T00:00:00","date_gmt":"2013-02-13T02:00:00","guid":{"rendered":"https:\/\/www.cnbb.org.br\/bento-xvi-envia-mensagem-aos-brasileiros-no-inicio-da-campanha-da-fraternidade\/"},"modified":"2013-02-13T00:00:00","modified_gmt":"2013-02-13T02:00:00","slug":"bento-xvi-envia-mensagem-aos-brasileiros-no-inicio-da-campanha-da-fraternidade","status":"publish","type":"post","link":"https:\/\/www.cnbb.org.br\/bento-xvi-envia-mensagem-aos-brasileiros-no-inicio-da-campanha-da-fraternidade\/","title":{"rendered":"Bento XVI envia mensagem aos brasileiros no in\u00edcio da Campanha da Fraternidade"},"content":{"rendered":"<p style=\"text-align: justify\">Neste dia 13 de fevereiro, quarta-feira de Cinzas, ser\u00e1 lan\u00e7ada a Campanha da Fraternidade (CF), com o tema \u201cFraternidade e Juventude\u201d e o lema \u201cEis-me aqui, envia-me!\u201d (Is 6,8). O Papa Bento XVI enviou uma mensagem para o in\u00edcio da Campanha. A seguir, a \u00edntegra da mensagem:<\/p>\n<p><!--more--><\/p>\n<p><span style=\"text-align: justify;line-height: 1.5\">\u201cQueridos irm\u00e3os e irm\u00e3s,<\/span><\/p>\n<p style=\"text-align: justify\">Diante de n\u00f3s se abre o caminho da Quaresma, permeado de ora\u00e7\u00e3o, penit\u00eancia e caridade, que nos prepara para vivenciar e participar mais profundamente na paix\u00e3o, morte e ressurrei\u00e7\u00e3o de Jesus Cristo. No Brasil, esta prepara\u00e7\u00e3o tem encontrado um v\u00e1lido apoio e est\u00edmulo na Campanha da Fraternidade, que este ano chega \u00e0 sua quinquag\u00e9sima realiza\u00e7\u00e3o e se reveste j\u00e1 das tonalidades espirituais da XXVII Jornada Mundial da Juventude no Rio de Janeiro em julho pr\u00f3ximo: da\u00ed o seu tema \u201cFraternidade e Juventude\u201d, proposto pela Confer\u00eancia Episcopal Nacional com a esperan\u00e7a de ver multiplicada nos jovens de hoje a mesma resposta que dera a Deus o profeta Isa\u00edas: \u201cEis-me aqui, envia-me!\u201d(6,8).<br \/>\nDe bom grado associo-me a esta iniciativa quaresmal da Igreja no Brasil, enviando a todos e cada um a minha cordial sauda\u00e7\u00e3o no Senhor, a quem confio os esfor\u00e7os de quantos se empenham por ajudar os jovens a tornar-se \u2013 como lhes pedi em S\u00e3o Paulo \u2013 \u201cprotagonistas de uma sociedade mais justa e mais fraterna inspirada no Evangelho\u201d (Discurso aos jovens brasileiros, 10\/05\/2007). \u00c9 que os \u201csinais dos tempos\u201d, na sociedade e na Igreja, surgem tamb\u00e9m atrav\u00e9s dos jovens; menosprezar estes sinais ou n\u00e3o os saber discernir \u00e9 perder ocasi\u00f5es de renova\u00e7\u00e3o. Se eles forem o presente, ser\u00e3o tamb\u00e9m o futuro. Queremos os jovens protagonistas integrados na comunidade que os acolhe, demonstrando a confian\u00e7a que a Igreja deposita em cada um deles. Isto requer guias \u2013 padres, consagrados ou leigos \u2013 que permane\u00e7am novos por dentro, mesmo que o n\u00e3o sejam de idade, mas capazes de fazer caminho sem impor rumos, de empatia solid\u00e1ria, de dar testemunho de salva\u00e7\u00e3o, que a f\u00e9 e o seguimento de Jesus Cristo cada dia alimentam.<br \/>\nPor isso, convido os jovens brasileiros a buscarem sempre mais no Evangelho de Jesus o sentido da vida, a certeza de que \u00e9 atrav\u00e9s da amizade com Cristo que experimentamos o que \u00e9 belo e nos redime: \u201cAgora que isto tocou os teus l\u00e1bios, tua culpa est\u00e1 sendo tirada, teu pecado, perdoado\u201d (Is 6,7). Desse encontro transformador, que desejo a cada jovem brasileiro, surge a plena disponibilidade de quem se deixa invadir por um Deus que salva: \u201cEis-me aqui, envia-me!\u2019 aos meus coet\u00e2neos\u201d &#8211; ajudando-lhes a descobrir a for\u00e7a e a beleza da f\u00e9 no meio dos \u201cdesertos (espirituais) do mundo contempor\u00e2neo, em que se deve levar apenas o que \u00e9 essencial: (\u2026) o Evangelho e a f\u00e9 da Igreja, dos quais os documentos do Conc\u00edlio Vaticano II s\u00e3o uma express\u00e3o luminosa, assim como o \u00e9 o Catecismo da Igreja Cat\u00f3lica\u201d (Homilia na abertura do Ano da F\u00e9, 11\/10\/2012).<br \/>\nQue o Senhor conceda a todos a alegria de crer n\u2019Ele, de crescer na sua amizade, de segui-Lo no caminho da vida e testemunh\u00e1-Lo em todas situa\u00e7\u00f5es, para transmitir \u00e0 gera\u00e7\u00e3o seguinte a imensa riqueza e beleza da f\u00e9 em Jesus Cristo. Com votos de uma Quaresma frutuosa na vida de cada brasileiro, especialmente das novas gera\u00e7\u00f5es, sob a prote\u00e7\u00e3o maternal de Nossa Senhora Aparecida, a todos concedo uma especial B\u00ean\u00e7\u00e3o Apost\u00f3lica<\/p>\n<p style=\"text-align: justify\">Vaticano, 8 de fevereiro de 2013<\/p>\n<p style=\"text-align: justify\">Benedictus PP. XVI<\/p>\n","protected":false},"excerpt":{"rendered":"<p>Neste dia 13 de fevereiro, quarta-feira de Cinzas, ser\u00e1 lan\u00e7ada a Campanha da Fraternidade (CF), com o tema \u201cFraternidade e Juventude\u201d e o lema \u201cEis-me aqui, envia-me!\u201d (Is 6,8). O Papa Bento XVI enviou uma mensagem para o in\u00edcio da Campanha. A seguir, a \u00edntegra da mensagem:<\/p>\n","protected":false},"author":83,"featured_media":13460,"comment_status":"open","ping_status":"open","sticky":false,"template":"","format":"standard","meta":{"site-sidebar-layout":"default","site-content-layout":"default","ast-global-header-display":"","ast-banner-title-visibility":"","ast-main-header-display":"","ast-hfb-above-header-display":"","ast-hfb-below-header-display":"","ast-hfb-mobile-header-display":"","site-post-title":"","ast-breadcrumbs-content":"","ast-featured-img":"","footer-sml-layout":"","theme-transparent-header-meta":"","adv-header-id-meta":"","stick-header-meta":"","header-above-stick-meta":"","header-main-stick-meta":"","header-below-stick-meta":""},"categories":[759,760],"tags":[],"acf":[],"_links":{"self":[{"href":"https:\/\/www.cnbb.org.br\/cnbb-app\/wp\/v2\/posts\/13459"}],"collection":[{"href":"https:\/\/www.cnbb.org.br\/cnbb-app\/wp\/v2\/posts"}],"about":[{"href":"https:\/\/www.cnbb.org.br\/cnbb-app\/wp\/v2\/types\/post"}],"author":[{"embeddable":true,"href":"https:\/\/www.cnbb.org.br\/cnbb-app\/wp\/v2\/users\/83"}],"replies":[{"embeddable":true,"href":"https:\/\/www.cnbb.org.br\/cnbb-app\/wp\/v2\/comments?post=13459"}],"version-history":[{"count":0,"href":"https:\/\/www.cnbb.org.br\/cnbb-app\/wp\/v2\/posts\/13459\/revisions"}],"wp:featuredmedia":[{"embeddable":true,"href":"https:\/\/www.cnbb.org.br\/cnbb-app\/wp\/v2\/media\/13460"}],"wp:attachment":[{"href":"https:\/\/www.cnbb.org.br\/cnbb-app\/wp\/v2\/media?parent=13459"}],"wp:term":[{"taxonomy":"category","embeddable":true,"href":"https:\/\/www.cnbb.org.br\/cnbb-app\/wp\/v2\/categories?post=13459"},{"taxonomy":"post_tag","embeddable":true,"href":"https:\/\/www.cnbb.org.br\/cnbb-app\/wp\/v2\/tags?post=13459"}],"curies":[{"name":"wp","href":"https:\/\/api.w.org\/{rel}","templated":true}]}}