{"id":13461,"date":"2013-02-13T00:00:00","date_gmt":"2013-02-13T02:00:00","guid":{"rendered":"https:\/\/www.cnbb.org.br\/nos-queremos-os-jovens-protagonistas-integrados-na-comunidadeq-diz-presidente-da-cnbb-sobre-campanha-da-fraternidade\/"},"modified":"2013-02-13T00:00:00","modified_gmt":"2013-02-13T02:00:00","slug":"nos-queremos-os-jovens-protagonistas-integrados-na-comunidadeq-diz-presidente-da-cnbb-sobre-campanha-da-fraternidade","status":"publish","type":"post","link":"https:\/\/www.cnbb.org.br\/nos-queremos-os-jovens-protagonistas-integrados-na-comunidadeq-diz-presidente-da-cnbb-sobre-campanha-da-fraternidade\/","title":{"rendered":"\u201cN\u00f3s queremos os jovens protagonistas integrados na comunidade&#8221;, diz presidente da CNBB sobre Campanha da Fraternidade"},"content":{"rendered":"<div id=\"id_511b9259855a64360416964\" class=\"text_exposed_root text_exposed\" style=\"text-align: justify\">\u201cN\u00f3s queremos os jovens protagonistas integrados na comunidade que os acolhe, demonstrando a confian\u00e7a que a Igreja deposita em cada um deles\u201d: esta \u00e9 a finalidade da Campanha da Fraternidade (CF) deste ano segundo o Presidente da Confer\u00eancia Nacional dos Bispos do Brasil, Card. Raymundo Damasceno Assis.<\/div>\n<p><!--more--><\/p>\n<div class=\"text_exposed_root text_exposed\" style=\"text-align: justify\">\n<p><em>A CF deste ano tem como tema \u201cFraternidade e Juventude\u201d e o lema \u201cEnvia-me\u201d. Eis o que disse o Card. Raymundo entrevistado pela R\u00e1dio Vaticano:<\/em><\/p>\n<p><span class=\"text_exposed_show\"> Primeiramente, n\u00f3s estamos celebrando os 50 anos da Campanha da Fraternidade. Ela come\u00e7ou em Natal em 1962. A CF deste ano se insere dentro da prepara\u00e7\u00e3o da visita do Papa para a pr\u00f3xima Jornada Mundial da Juventude. Sabemos que o Papa Bento XVI havia prometido estar no Rio de Janeiro para presidir a JMJ, mas com a sua ren\u00fancia n\u00f3s esperamos e cremos que seu sucessor estar\u00e1 presente no Rio no m\u00eas de julho pr\u00f3ximo.<\/span><\/div>\n<div class=\"text_exposed_root text_exposed\" style=\"text-align: justify\"><span class=\"text_exposed_show\">\u00a0<\/span><\/div>\n<div class=\"text_exposed_root text_exposed\" style=\"text-align: justify\"><span class=\"text_exposed_show\"> A CF com este tema, Fraternidade e Juventude, tem seus antecedentes. Em 2011, a Assembleia dos Bispos do Brasil criou a Comiss\u00e3o Episcopal Pastoral para a Juventude \u2013 uma Comiss\u00e3o que tem como objetivo acompanhar as pastorais da juventude aqui no Brasil: as pastorais da juventude, os movimentos apost\u00f3licos, novas comunidades e acompanhar tamb\u00e9m aquelas congrega\u00e7\u00f5es que t\u00eam como carisma a dedica\u00e7\u00e3o, a forma\u00e7\u00e3o dos nossos jovens, para que o trabalho da juventude aqui em nosso pa\u00eds seja feito na unidade dentro da diversidade dos carismas e de cada um dos movimentos e das novas comunidades. Visando criar em cada uma das dioceses o chamado \u201csetor da juventude\u201d \u2013 um setor que compreende todos aqueles que trabalham com a juventude. <\/span><\/div>\n<div class=\"text_exposed_root text_exposed\" style=\"text-align: justify\"><span class=\"text_exposed_show\">\u00a0<\/span><\/div>\n<div class=\"text_exposed_root text_exposed\" style=\"text-align: justify\"><span class=\"text_exposed_show\">A CF visa tamb\u00e9m preparar de uma forma \u201cmais pr\u00f3xima\u201d a JMJ e n\u00f3s queremos com esta CF, e queremos faz\u00ea-la com os jovens e para os jovens, procurar despertar na nossa sociedade, nas nossas comunidades essa import\u00e2ncia dos jovens. N\u00f3s devemos, como diz o Papa na sua mensagem para CF, ajudar os jovens a tornarem-se protagonistas de uma sociedade mais justa, mais fraterna, inspirada no Evangelho. E o Papa afirma que se os jovens forem o presente, eles ser\u00e3o tamb\u00e9m o futuro. N\u00f3s queremos os jovens protagonistas integrados na comunidade que os acolhe, demonstrando a confian\u00e7a que a Igreja deposita em cada um deles.<\/span><\/div>\n<h5 class=\"uiStreamMessage userContentWrapper\" style=\"text-align: justify\"><\/h5>\n","protected":false},"excerpt":{"rendered":"<p>\u201cN\u00f3s queremos os jovens protagonistas integrados na comunidade que os acolhe, demonstrando a confian\u00e7a que a Igreja deposita em cada um deles\u201d: esta \u00e9 a finalidade da Campanha da Fraternidade (CF) deste ano segundo o Presidente da Confer\u00eancia Nacional dos Bispos do Brasil, Card. Raymundo Damasceno Assis.<\/p>\n","protected":false},"author":83,"featured_media":13462,"comment_status":"open","ping_status":"open","sticky":false,"template":"","format":"standard","meta":{"site-sidebar-layout":"default","site-content-layout":"default","ast-global-header-display":"","ast-banner-title-visibility":"","ast-main-header-display":"","ast-hfb-above-header-display":"","ast-hfb-below-header-display":"","ast-hfb-mobile-header-display":"","site-post-title":"","ast-breadcrumbs-content":"","ast-featured-img":"","footer-sml-layout":"","theme-transparent-header-meta":"","adv-header-id-meta":"","stick-header-meta":"","header-above-stick-meta":"","header-main-stick-meta":"","header-below-stick-meta":""},"categories":[759,760],"tags":[],"acf":[],"_links":{"self":[{"href":"https:\/\/www.cnbb.org.br\/cnbb-app\/wp\/v2\/posts\/13461"}],"collection":[{"href":"https:\/\/www.cnbb.org.br\/cnbb-app\/wp\/v2\/posts"}],"about":[{"href":"https:\/\/www.cnbb.org.br\/cnbb-app\/wp\/v2\/types\/post"}],"author":[{"embeddable":true,"href":"https:\/\/www.cnbb.org.br\/cnbb-app\/wp\/v2\/users\/83"}],"replies":[{"embeddable":true,"href":"https:\/\/www.cnbb.org.br\/cnbb-app\/wp\/v2\/comments?post=13461"}],"version-history":[{"count":0,"href":"https:\/\/www.cnbb.org.br\/cnbb-app\/wp\/v2\/posts\/13461\/revisions"}],"wp:featuredmedia":[{"embeddable":true,"href":"https:\/\/www.cnbb.org.br\/cnbb-app\/wp\/v2\/media\/13462"}],"wp:attachment":[{"href":"https:\/\/www.cnbb.org.br\/cnbb-app\/wp\/v2\/media?parent=13461"}],"wp:term":[{"taxonomy":"category","embeddable":true,"href":"https:\/\/www.cnbb.org.br\/cnbb-app\/wp\/v2\/categories?post=13461"},{"taxonomy":"post_tag","embeddable":true,"href":"https:\/\/www.cnbb.org.br\/cnbb-app\/wp\/v2\/tags?post=13461"}],"curies":[{"name":"wp","href":"https:\/\/api.w.org\/{rel}","templated":true}]}}