{"id":13463,"date":"2013-02-13T00:00:00","date_gmt":"2013-02-13T02:00:00","guid":{"rendered":"https:\/\/www.cnbb.org.br\/cnbb-realiza-lancamento-oficial-da-campanha-da-fraternidade-2013\/"},"modified":"2013-02-13T00:00:00","modified_gmt":"2013-02-13T02:00:00","slug":"cnbb-realiza-lancamento-oficial-da-campanha-da-fraternidade-2013","status":"publish","type":"post","link":"https:\/\/www.cnbb.org.br\/cnbb-realiza-lancamento-oficial-da-campanha-da-fraternidade-2013\/","title":{"rendered":"CNBB realiza lan\u00e7amento oficial da Campanha da Fraternidade 2013"},"content":{"rendered":"<p style=\"text-align: justify\">Tendo por tema \u201cFraternidade e Juventude\u201d, e por lema \u201cEis-me aqui, envia-me!\u201d (Is 6,8), foi realizado, hoje, dia 13 de fevereiro, o lan\u00e7amento oficial da Campanha da Fraternidade (CF) 2013. Tradicionalmente, o evento ocorre na tarde da quarta-feira de cinzas \u2013 primeiro dia da Quaresma \u2013, no Audit\u00f3rio Dom H\u00e9lder C\u00e2mara, na sede da Confer\u00eancia Nacional dos Bispos do Brasil (CNBB), em Bras\u00edlia.<\/p>\n<p><!--more--><\/p>\n<p style=\"text-align: justify\">O lan\u00e7amento da Campanha contou com a presen\u00e7a do secret\u00e1rio geral da CNBB, dom Leonardo Steiner, do ministro-chefe da Secretaria Geral da Presid\u00eancia da Rep\u00fablica do Brasil, Gilberto Carvalho, e do presidente nacional da Ordem dos Advogados do Brasil (OAB), Marcus Vin\u00edcius Furtado Coelho, e outras autoridades.<\/p>\n<p style=\"text-align: justify\">\u201cIniciamos hoje nosso caminho pascal. Os quarenta dias que precedem a cruz e a Ressurrei\u00e7\u00e3o sinalizam o caminho que a Igreja, na liturgia, nos oferece como possibilidade de sermos atingidos pela experi\u00eancia salvadora de Jesus Cristo\u201d, disse dom Leonardo Steiner em seu discurso de abertura.<\/p>\n<p style=\"text-align: justify\">Na ocasi\u00e3o tamb\u00e9m estiveram presentes jovens lideran\u00e7as como representante dos povos ind\u00edgenas Tupinamb\u00e1, Awa Mirim, e tamb\u00e9m o estudante Rodrigo Crivelaro, que apresentaram aos presentes, a realidade da juventude no Brasil. A diretora da C\u00e1ritas Nacional, Cristina dos Anjos, tamb\u00e9m fez uso da palavra para a presta\u00e7\u00e3o de contas dos resultados da coleta da CF 2012, que contribu\u00edram com a\u00e7\u00f5es que renovaram as perspectivas de comunidades por todo pa\u00eds.<\/p>\n<p style=\"text-align: justify\">O ministro Gilberto Carvalho afirmou que a CF \u201cabre um espa\u00e7o para o governo trabalhar junto \u00e0 Igreja\u201d, e citou a Jornada Mundial da Juventude (JMJ) como um momento privilegiado para toda juventude brasileira. \u201cA Jornada Mundial da Juventude vem ao encontro de uma grande preocupa\u00e7\u00e3o que o governo tem em rela\u00e7\u00e3o \u00e0 situa\u00e7\u00e3o do Jovem do Brasil\u201d, mencionou.<\/p>\n<p style=\"text-align: justify\">De acordo com o texto-base da CF 2013, o objetivo geral da Campanha \u00e9 acolher os jovens no contexto de mudan\u00e7a de \u00e9poca, propiciando caminhos para seu protagonismo no seguimento de Jesus Cristo, na viv\u00eancia eclesial e na constru\u00e7\u00e3o de uma sociedade fraterna, fundamentada na cultura da vida, da justi\u00e7a e da paz.<\/p>\n<p style=\"text-align: justify\">Em 1992, a Campanha da Fraternidade tamb\u00e9m tratou a juventude como tema central, e agora, em sua 50\u00aa edi\u00e7\u00e3o, ter\u00e1 a mesma tem\u00e1tica. A abordagem da tem\u00e1tica \u201cjuventude\u201d ser\u00e1 mais um elemento para fortalecer o desejo de evangeliza\u00e7\u00e3o dos jovens, al\u00e9m da Jornada Mundial da Juventude (JMJ), que ser\u00e1 realizada, em julho deste ano, no Rio de Janeiro.<\/p>\n","protected":false},"excerpt":{"rendered":"<p>Tendo por tema \u201cFraternidade e Juventude\u201d, e por lema \u201cEis-me aqui, envia-me!\u201d (Is 6,8), foi realizado, hoje, dia 13 de fevereiro, o lan\u00e7amento oficial da Campanha da Fraternidade (CF) 2013. Tradicionalmente, o evento ocorre na tarde da quarta-feira de cinzas \u2013 primeiro dia da Quaresma \u2013, no Audit\u00f3rio Dom H\u00e9lder C\u00e2mara, na sede da Confer\u00eancia &hellip;<\/p>\n<p class=\"read-more\"> <a class=\"\" href=\"https:\/\/www.cnbb.org.br\/cnbb-realiza-lancamento-oficial-da-campanha-da-fraternidade-2013\/\"> <span class=\"screen-reader-text\">CNBB realiza lan\u00e7amento oficial da Campanha da Fraternidade 2013<\/span> Leia mais &raquo;<\/a><\/p>\n","protected":false},"author":83,"featured_media":13464,"comment_status":"open","ping_status":"open","sticky":false,"template":"","format":"standard","meta":{"site-sidebar-layout":"default","site-content-layout":"default","ast-global-header-display":"","ast-banner-title-visibility":"","ast-main-header-display":"","ast-hfb-above-header-display":"","ast-hfb-below-header-display":"","ast-hfb-mobile-header-display":"","site-post-title":"","ast-breadcrumbs-content":"","ast-featured-img":"","footer-sml-layout":"","theme-transparent-header-meta":"","adv-header-id-meta":"","stick-header-meta":"","header-above-stick-meta":"","header-main-stick-meta":"","header-below-stick-meta":""},"categories":[759,760],"tags":[],"acf":[],"_links":{"self":[{"href":"https:\/\/www.cnbb.org.br\/cnbb-app\/wp\/v2\/posts\/13463"}],"collection":[{"href":"https:\/\/www.cnbb.org.br\/cnbb-app\/wp\/v2\/posts"}],"about":[{"href":"https:\/\/www.cnbb.org.br\/cnbb-app\/wp\/v2\/types\/post"}],"author":[{"embeddable":true,"href":"https:\/\/www.cnbb.org.br\/cnbb-app\/wp\/v2\/users\/83"}],"replies":[{"embeddable":true,"href":"https:\/\/www.cnbb.org.br\/cnbb-app\/wp\/v2\/comments?post=13463"}],"version-history":[{"count":0,"href":"https:\/\/www.cnbb.org.br\/cnbb-app\/wp\/v2\/posts\/13463\/revisions"}],"wp:featuredmedia":[{"embeddable":true,"href":"https:\/\/www.cnbb.org.br\/cnbb-app\/wp\/v2\/media\/13464"}],"wp:attachment":[{"href":"https:\/\/www.cnbb.org.br\/cnbb-app\/wp\/v2\/media?parent=13463"}],"wp:term":[{"taxonomy":"category","embeddable":true,"href":"https:\/\/www.cnbb.org.br\/cnbb-app\/wp\/v2\/categories?post=13463"},{"taxonomy":"post_tag","embeddable":true,"href":"https:\/\/www.cnbb.org.br\/cnbb-app\/wp\/v2\/tags?post=13463"}],"curies":[{"name":"wp","href":"https:\/\/api.w.org\/{rel}","templated":true}]}}