{"id":13521,"date":"2014-03-28T00:00:00","date_gmt":"2014-03-28T03:00:00","guid":{"rendered":"https:\/\/www.cnbb.org.br\/encontros-da-campanha-da-fraternidade-2014\/"},"modified":"2014-03-28T00:00:00","modified_gmt":"2014-03-28T03:00:00","slug":"encontros-da-campanha-da-fraternidade-2014","status":"publish","type":"post","link":"https:\/\/www.cnbb.org.br\/encontros-da-campanha-da-fraternidade-2014\/","title":{"rendered":"Encontros da Campanha da Fraternidade 2014"},"content":{"rendered":"<p style=\"text-align: right\"><strong>Cardeal Orani Jo\u00e3o Tempesta\u00a0<\/strong><br \/>\n<strong>Arcebispo do Rio de Janeiro (RJ)<\/strong><\/p>\n<p style=\"text-align: justify\">O tempo quaresmal, prop\u00edcio e salutar tempo de convers\u00e3o, possibilita o caminho da verdadeira liberdade. Os exerc\u00edcios quaresmais do jejum, da ora\u00e7\u00e3o e da esmola nos abrem silenciosamente para o encontro com Aquele que \u00e9 a plenitude da vida, com Aquele que \u00e9 a luz e a vida de toda pessoa que vem a este mundo (Jo 1, 10). Jejum, muito mais do que uma priva\u00e7\u00e3o, \u00e9 esvaziamento, uma expropria\u00e7\u00e3o; tentativa de deixar-nos atingir pela gra\u00e7a da liberdade com que Cristo nos presenteou. O jejum abre o nosso ser para a receptividade da vida nova, da liberdade. A ora\u00e7\u00e3o \u00e9 a exposi\u00e7\u00e3o de quem espera ser atingido pela miseric\u00f3rdia d\u2019Aquele que nos amou primeiro e at\u00e9 o fim. (Jo 4,10). A esmola \u00e9 o amor partilhado; \u00e9 deixar-se tomar pela din\u00e2mica da caridade; \u00e9 sair de si mesmo; \u00e9 deixar-se tocar pela presen\u00e7a do outro, especialmente do mais necessitado.<\/p>\n<p><!--more--><\/p>\n<p style=\"text-align: justify\">\n<p style=\"text-align: justify\">O per\u00edodo quaresmal convida os disc\u00edpulos mission\u00e1rios a uma verdadeira convers\u00e3o, para que o testemunho da liberdade em Jesus Cristo seja edificante e sustente a Igreja em sua miss\u00e3o de anunciar o Evangelho. A convers\u00e3o implica recome\u00e7ar a partir de Jesus Cristo. Ent\u00e3o, tenhamos os olhos fitos em Jesus Cristo, que, na cruz se fez solid\u00e1rio aos que sofrem em nosso meio, especialmente com as injusti\u00e7as. Nosso caminhar quaresmal n\u00e3o pode ser insens\u00edvel a situa\u00e7\u00f5es que atentam contra a dignidade da pessoa humana e seus direitos fundamentais, como o tr\u00e1fico humano, tema da Campanha da Fraternidade deste ano.<\/p>\n<p style=\"text-align: justify\">No caminho de convers\u00e3o quaresmal, a Confer\u00eancia Nacional dos Bispos do Brasil (CNBB) nos apresenta a Campanha da Fraternidade como itiner\u00e1rio de liberta\u00e7\u00e3o pessoal, comunit\u00e1rio e social. Tr\u00e1fico humano e fraternidade \u00e9 o lema da Campanha para a Quaresma em 2014. O lema \u00e9 inspirado na carta aos G\u00e1latas: \u201c\u00c9 para a liberdade que Cristo nos libertou\u201d (5,1).<\/p>\n<p style=\"text-align: justify\">O tr\u00e1fico humano viola a grandeza de filhos, destr\u00f3i a imagem de Deus, cerceia a liberdade daqueles que foram resgatados por Cristo. As comunidades, as fam\u00edlia, as pessoas certamente buscar\u00e3o superar a globaliza\u00e7\u00e3o da indiferen\u00e7a em rela\u00e7\u00e3o ao tr\u00e1fico humano.<\/p>\n<p style=\"text-align: justify\">O tr\u00e1fico humano \u00e9 um crime que atenta contra a dignidade da pessoa humana, j\u00e1 que explora o filho e a filha de Deus, limita suas liberdades, despreza sua honra, agride seu amor pr\u00f3prio, amea\u00e7a e subtrai sua vida, quer seja da mulher, da crian\u00e7a, do adolescente, do trabalhador ou da trabalhadora \u2013 de cidad\u00e3s e cidad\u00e3os que, fragilizados por sua condi\u00e7\u00e3o socioecon\u00f4mica e\/ou por suas escolhas, tornam-se alvo f\u00e1cil para as a\u00e7\u00f5es criminosas de traficantes.<\/p>\n<p style=\"text-align: justify\">Quanto ao tr\u00e1fico humano, o Papa Francisco se referiu assim a essa pr\u00e1tica: \u201co tr\u00e1fico de pessoas \u00e9 uma atividade ign\u00f3bil, uma vergonha para as nossas sociedades que se dizem civilizadas! O tr\u00e1fico humano \u00e9 uma das quest\u00f5es sociais mais graves da atualidade. N\u00e3o h\u00e1 pa\u00eds livre do tr\u00e1fico de pessoas, seja como ponto de origem do crime, seja como destino dos traficados&#8221;.<\/p>\n<p style=\"text-align: justify\">O Conc\u00edlio Ecum\u00eanico Vaticano II trata do tema na Gaudium et Spes n\u00ba 27: \u201ca escravid\u00e3o, a prostitui\u00e7\u00e3o, o mercado de mulheres e de jovens, ou ainda as ignominiosas condi\u00e7\u00f5es de trabalho, com as quais os trabalhadores tratados como simples instrumentos de ganho, e n\u00e3o como pessoas livres e respons\u00e1veis\u201d s\u00e3o \u201cinfames\u201d, prejudicam a civiliza\u00e7\u00e3o humana, desonram aqueles que assim se comportam\u201d e ofendem grandemente a honra do Criador\u201d.<\/p>\n<p style=\"text-align: justify\">Com esta Campanha da Fraternidade, a Igreja Cat\u00f3lica se une a essas iniciativas no intuito de potencializ\u00e1-las e suscitar, em suas comunidades, reflex\u00f5es e a\u00e7\u00f5es de combate a esta chaga social, de supera\u00e7\u00e3o de situa\u00e7\u00f5es de vulnerabilidade ao tr\u00e1fico, de preven\u00e7\u00e3o, prote\u00e7\u00e3o e inser\u00e7\u00e3o, observando-se o respeito \u00e0 dignidade do ser humano e o implemento dos direitos humanos civis, pol\u00edticos, econ\u00f4micos, sociais e culturais no conv\u00edvio familiar, comunit\u00e1rio e social. No entanto, a supera\u00e7\u00e3o do sil\u00eancio das pessoas em situa\u00e7\u00e3o de tr\u00e1fico requer a valoriza\u00e7\u00e3o da palavra, da voz e da experi\u00eancia vivenciada pelas v\u00edtimas, da nossa escuta qualificada e ativa, enquanto irm\u00e3os e irm\u00e3s em Cristo.<\/p>\n<p style=\"text-align: justify\">Dessa maneira, a Campanha da Fraternidade nos convida a fazer uma reflex\u00e3o sobre o tema da Quaresma e sobre o tr\u00e1fico humano. Assim, a proposta \u00e9 que fa\u00e7amos a reflex\u00e3o sobre este tema em nossas par\u00f3quias, nos grupos de reflex\u00e3o, nos c\u00edrculos b\u00edblicos, nas pequenas comunidades e em nossas casas, acompanhando o livro de encontro da CF 2014. \u00c9 vivendo, intensamente, estes encontros, nas nossas casas, com grupos de reflex\u00e3o, saindo em prociss\u00e3o com a Via Sacra pelas ruas de nossa cidade do Rio de Janeiro que iremos conscientizar a sociedade da necessidade de superar o tr\u00e1fico humano e todas as situa\u00e7\u00f5es que atentam contra a vida humana, a liberdade de ir e de vir, e a pris\u00e3o que muitos vivem iludidos pelas paix\u00f5es desordenadas!<\/p>\n<p style=\"text-align: justify\">Que estes encontros sejam momentos de verdadeira e aut\u00eantica partilha e fraternidade, apan\u00e1gios do amor e do perd\u00e3o que todos devemos n\u00e3o s\u00f3 viver, mas testemunhar!<\/p>\n<p style=\"text-align: justify\">\n","protected":false},"excerpt":{"rendered":"<p>Cardeal Orani Jo\u00e3o Tempesta\u00a0 Arcebispo do Rio de Janeiro (RJ) O tempo quaresmal, prop\u00edcio e salutar tempo de convers\u00e3o, possibilita o caminho da verdadeira liberdade. Os exerc\u00edcios quaresmais do jejum, da ora\u00e7\u00e3o e da esmola nos abrem silenciosamente para o encontro com Aquele que \u00e9 a plenitude da vida, com Aquele que \u00e9 a luz &hellip;<\/p>\n<p class=\"read-more\"> <a class=\"\" href=\"https:\/\/www.cnbb.org.br\/encontros-da-campanha-da-fraternidade-2014\/\"> <span class=\"screen-reader-text\">Encontros da Campanha da Fraternidade 2014<\/span> Leia mais &raquo;<\/a><\/p>\n","protected":false},"author":83,"featured_media":0,"comment_status":"open","ping_status":"open","sticky":false,"template":"","format":"standard","meta":{"site-sidebar-layout":"default","site-content-layout":"default","ast-global-header-display":"","ast-banner-title-visibility":"","ast-main-header-display":"","ast-hfb-above-header-display":"","ast-hfb-below-header-display":"","ast-hfb-mobile-header-display":"","site-post-title":"","ast-breadcrumbs-content":"","ast-featured-img":"","footer-sml-layout":"","theme-transparent-header-meta":"","adv-header-id-meta":"","stick-header-meta":"","header-above-stick-meta":"","header-main-stick-meta":"","header-below-stick-meta":""},"categories":[759,760],"tags":[],"acf":[],"_links":{"self":[{"href":"https:\/\/www.cnbb.org.br\/cnbb-app\/wp\/v2\/posts\/13521"}],"collection":[{"href":"https:\/\/www.cnbb.org.br\/cnbb-app\/wp\/v2\/posts"}],"about":[{"href":"https:\/\/www.cnbb.org.br\/cnbb-app\/wp\/v2\/types\/post"}],"author":[{"embeddable":true,"href":"https:\/\/www.cnbb.org.br\/cnbb-app\/wp\/v2\/users\/83"}],"replies":[{"embeddable":true,"href":"https:\/\/www.cnbb.org.br\/cnbb-app\/wp\/v2\/comments?post=13521"}],"version-history":[{"count":0,"href":"https:\/\/www.cnbb.org.br\/cnbb-app\/wp\/v2\/posts\/13521\/revisions"}],"wp:attachment":[{"href":"https:\/\/www.cnbb.org.br\/cnbb-app\/wp\/v2\/media?parent=13521"}],"wp:term":[{"taxonomy":"category","embeddable":true,"href":"https:\/\/www.cnbb.org.br\/cnbb-app\/wp\/v2\/categories?post=13521"},{"taxonomy":"post_tag","embeddable":true,"href":"https:\/\/www.cnbb.org.br\/cnbb-app\/wp\/v2\/tags?post=13521"}],"curies":[{"name":"wp","href":"https:\/\/api.w.org\/{rel}","templated":true}]}}