{"id":13539,"date":"2015-01-19T00:00:00","date_gmt":"2015-01-19T02:00:00","guid":{"rendered":"https:\/\/www.cnbb.org.br\/retiro-de-seminaristas-confirma-vocacao-e-visa-fraternidade-sacerdotal\/"},"modified":"2015-01-19T00:00:00","modified_gmt":"2015-01-19T02:00:00","slug":"retiro-de-seminaristas-confirma-vocacao-e-visa-fraternidade-sacerdotal","status":"publish","type":"post","link":"https:\/\/www.cnbb.org.br\/retiro-de-seminaristas-confirma-vocacao-e-visa-fraternidade-sacerdotal\/","title":{"rendered":"Retiro de Seminaristas confirma voca\u00e7\u00e3o e visa fraternidade sacerdotal"},"content":{"rendered":"<p style=\"text-align: justify\"><span style=\"line-height: 1.3em\">Os \u00faltimos dias do Retiro Nacional de Seminaristas, (Renasem), promovido pelo Minist\u00e9rio para Seminaristas da Renova\u00e7\u00e3o Carism\u00e1tica Cat\u00f3lica (RCC) do Brasil, trabalharam o interior dos 310 seminaristas participantes.<\/span><\/p>\n<p><!--more--><\/p>\n<p style=\"text-align: justify\">\n<p style=\"text-align: justify\">O evento, realizado em Florian\u00f3polis (SC), teve in\u00edcio dia 12 de janeiro e prosseguiu at\u00e9 o dia 16.<\/p>\n<p style=\"text-align: justify\">Os seminaristas ouviram de dom Azcona Hermoso, bispo de Maraj\u00f3 (PA) o clamor pela efus\u00e3o do Esp\u00edrito Santo, enquanto padre S\u00e9rgio, da arquidiocese de Niter\u00f3i (RJ) falou aos presentes sobre a import\u00e2ncia de n\u00e3o ter medo da confiss\u00e3o.<\/p>\n<p style=\"text-align: justify\">Entre a noite de quarta-feira, 14, e a manh\u00e3 do dia seguinte, os participantes revezaram-se na tradicional vig\u00edlia eucar\u00edstica, em adora\u00e7\u00e3o. Na quinta-feira, foi a vez de padre Gilson falar sobre a necessidade de uma experi\u00eancia di\u00e1ria pentecostal e dom Azcona ressaltar que o Esp\u00edrito Santo convida todos a sa\u00edrem de si pr\u00f3prios para irem em miss\u00e3o.<\/p>\n<p style=\"text-align: justify\">A \u00faltima noite de atividades foi encerrada ap\u00f3s uma avalia\u00e7\u00e3o do retiro, feito pelos participantes, seguida da celebra\u00e7\u00e3o da Santa missa, presidida pelo diretor espiritual do retiro, dom Alberto Taveira.<\/p>\n<p style=\"text-align: justify\">Segundo dom Alberto, o retiro \u00e9 um momento de gra\u00e7a da Renova\u00e7\u00e3o Carism\u00e1tica, oferecendo a todos os carismas do Esp\u00edrito Santo. \u201c\u00c9 uma gra\u00e7a especial pela forma\u00e7\u00e3o que a renova\u00e7\u00e3o carism\u00e1tica pode oferecer e tamb\u00e9m para a pr\u00e1tica ministerial\u201d, disse o bispo.<\/p>\n<p style=\"text-align: justify\">Dom Azcona refor\u00e7ou que o retiro \u00e9 de primeira import\u00e2ncia a cada um dos participantes. \u201cEsse \u00e9 um momento definitivo para confirmar a voca\u00e7\u00e3o. Essa certeza \u00edntima de que s\u00e3o chamados por Jesus \u00e9 um bem precioso nestes tempos confusos em que discernimento \u00e9 dif\u00edcil\u201d, afirmou. O bispo de Maraj\u00f3 ainda destacou outra import\u00e2ncia do encontro. \u201cJunto a isso est\u00e1 a viv\u00eancia comunit\u00e1ria, de formar no futuro uma profunda fraternidade sacerdotal\u201d, concluiu dom Azcona.<\/p>\n<p><span style=\"font-size: xx-small\"><strong><em>Com informa\u00e7\u00f5es da arquidiocese de Florian\u00f3polis\u00a0<\/em><\/strong><\/span><\/p>\n","protected":false},"excerpt":{"rendered":"<p>Os \u00faltimos dias do Retiro Nacional de Seminaristas, (Renasem), promovido pelo Minist\u00e9rio para Seminaristas da Renova\u00e7\u00e3o Carism\u00e1tica Cat\u00f3lica (RCC) do Brasil, trabalharam o interior dos 310 seminaristas participantes.<\/p>\n","protected":false},"author":83,"featured_media":13540,"comment_status":"open","ping_status":"open","sticky":false,"template":"","format":"standard","meta":{"site-sidebar-layout":"default","site-content-layout":"default","ast-global-header-display":"","ast-banner-title-visibility":"","ast-main-header-display":"","ast-hfb-above-header-display":"","ast-hfb-below-header-display":"","ast-hfb-mobile-header-display":"","site-post-title":"","ast-breadcrumbs-content":"","ast-featured-img":"","footer-sml-layout":"","theme-transparent-header-meta":"","adv-header-id-meta":"","stick-header-meta":"","header-above-stick-meta":"","header-main-stick-meta":"","header-below-stick-meta":""},"categories":[759,760],"tags":[],"acf":[],"_links":{"self":[{"href":"https:\/\/www.cnbb.org.br\/cnbb-app\/wp\/v2\/posts\/13539"}],"collection":[{"href":"https:\/\/www.cnbb.org.br\/cnbb-app\/wp\/v2\/posts"}],"about":[{"href":"https:\/\/www.cnbb.org.br\/cnbb-app\/wp\/v2\/types\/post"}],"author":[{"embeddable":true,"href":"https:\/\/www.cnbb.org.br\/cnbb-app\/wp\/v2\/users\/83"}],"replies":[{"embeddable":true,"href":"https:\/\/www.cnbb.org.br\/cnbb-app\/wp\/v2\/comments?post=13539"}],"version-history":[{"count":0,"href":"https:\/\/www.cnbb.org.br\/cnbb-app\/wp\/v2\/posts\/13539\/revisions"}],"wp:featuredmedia":[{"embeddable":true,"href":"https:\/\/www.cnbb.org.br\/cnbb-app\/wp\/v2\/media\/13540"}],"wp:attachment":[{"href":"https:\/\/www.cnbb.org.br\/cnbb-app\/wp\/v2\/media?parent=13539"}],"wp:term":[{"taxonomy":"category","embeddable":true,"href":"https:\/\/www.cnbb.org.br\/cnbb-app\/wp\/v2\/categories?post=13539"},{"taxonomy":"post_tag","embeddable":true,"href":"https:\/\/www.cnbb.org.br\/cnbb-app\/wp\/v2\/tags?post=13539"}],"curies":[{"name":"wp","href":"https:\/\/api.w.org\/{rel}","templated":true}]}}