{"id":13544,"date":"2015-02-02T00:00:00","date_gmt":"2015-02-02T02:00:00","guid":{"rendered":"https:\/\/www.cnbb.org.br\/assessores-da-cnbb-refletem-sobre-cf-2015\/"},"modified":"2015-02-02T00:00:00","modified_gmt":"2015-02-02T02:00:00","slug":"assessores-da-cnbb-refletem-sobre-cf-2015","status":"publish","type":"post","link":"https:\/\/www.cnbb.org.br\/assessores-da-cnbb-refletem-sobre-cf-2015\/","title":{"rendered":"Assessores da CNBB refletem sobre CF 2015"},"content":{"rendered":"<p style=\"text-align: justify\"><span style=\"font-size: 12.1599998474121px;line-height: 1.3em\">Na primeira reuni\u00e3o do ano, nesta segunda-feira, 2, o Grupo de Assessores (GA) da Confer\u00eancia Nacional dos Bispos do Brasil (CNBB) discutiu, entre outros assuntos, a Campanha da Fraternidade 2015 e as Diretrizes Gerais da A\u00e7\u00e3o Evangelizadora da Igreja no Brasil.<\/span><\/p>\n<p><!--more--><\/p>\n<p style=\"text-align: justify\">\u00a0<span style=\"font-size: 12.1599998474121px;line-height: 1.3em\">A CF 2015 ser\u00e1 lan\u00e7ada, em \u00e2mbito nacional, no dia 18 de fevereiro, Quarta-Feira de Cinzas, na sede da CNBB, em Bras\u00edlia. Este ano, a Campanha aborda o tema \u201cFraternidade: Igreja e Sociedade\u201d e o lema \u201cEu vim para servir\u201d. Tem como objetivo recordar a voca\u00e7\u00e3o e a miss\u00e3o de todo o crist\u00e3o e das comunidades de f\u00e9, a partir do di\u00e1logo e colabora\u00e7\u00e3o entre Igreja e Sociedade, propostos pelo Conc\u00edlio Ecum\u00eanico Vaticano II<\/span><\/p>\n<p style=\"text-align: justify\">Tamb\u00e9m estiveram na pauta da reuni\u00e3o do GA as Diretrizes Gerais da A\u00e7\u00e3o Evangelizadora da Igreja no Brasil (DGAE) para o per\u00edodo de 2015 a 2019. As Diretrizes ser\u00e3o tema da 52\u00aa Assembleia Geral da CNBB, que acontecer\u00e1 em Aparecida (SP), de 15 a 24 de abril. As DGAE est\u00e3o em fase de atualiza\u00e7\u00e3o. Durante a Assembleia, ser\u00e3o discutidas e aprovadas pelos bispos do Brasil.<\/p>\n<p style=\"text-align: justify\">Os assessores apresentaram, ainda, as atividades realizadas nos meses de dezembro de 2014 e janeiro de 2015.<\/p>\n<p style=\"text-align: justify\">A reuni\u00e3o do GA antecede a do Conselho Episcopal Pastoral da CNBB, que tem in\u00edcio nesta ter\u00e7a-feira, 3.<\/p>\n","protected":false},"excerpt":{"rendered":"<p>Na primeira reuni\u00e3o do ano, nesta segunda-feira, 2, o Grupo de Assessores (GA) da Confer\u00eancia Nacional dos Bispos do Brasil (CNBB) discutiu, entre outros assuntos, a Campanha da Fraternidade 2015 e as Diretrizes Gerais da A\u00e7\u00e3o Evangelizadora da Igreja no Brasil.<\/p>\n","protected":false},"author":83,"featured_media":13545,"comment_status":"open","ping_status":"open","sticky":false,"template":"","format":"standard","meta":{"site-sidebar-layout":"default","site-content-layout":"default","ast-global-header-display":"","ast-banner-title-visibility":"","ast-main-header-display":"","ast-hfb-above-header-display":"","ast-hfb-below-header-display":"","ast-hfb-mobile-header-display":"","site-post-title":"","ast-breadcrumbs-content":"","ast-featured-img":"","footer-sml-layout":"","theme-transparent-header-meta":"","adv-header-id-meta":"","stick-header-meta":"","header-above-stick-meta":"","header-main-stick-meta":"","header-below-stick-meta":""},"categories":[759,760],"tags":[],"acf":[],"_links":{"self":[{"href":"https:\/\/www.cnbb.org.br\/cnbb-app\/wp\/v2\/posts\/13544"}],"collection":[{"href":"https:\/\/www.cnbb.org.br\/cnbb-app\/wp\/v2\/posts"}],"about":[{"href":"https:\/\/www.cnbb.org.br\/cnbb-app\/wp\/v2\/types\/post"}],"author":[{"embeddable":true,"href":"https:\/\/www.cnbb.org.br\/cnbb-app\/wp\/v2\/users\/83"}],"replies":[{"embeddable":true,"href":"https:\/\/www.cnbb.org.br\/cnbb-app\/wp\/v2\/comments?post=13544"}],"version-history":[{"count":0,"href":"https:\/\/www.cnbb.org.br\/cnbb-app\/wp\/v2\/posts\/13544\/revisions"}],"wp:featuredmedia":[{"embeddable":true,"href":"https:\/\/www.cnbb.org.br\/cnbb-app\/wp\/v2\/media\/13545"}],"wp:attachment":[{"href":"https:\/\/www.cnbb.org.br\/cnbb-app\/wp\/v2\/media?parent=13544"}],"wp:term":[{"taxonomy":"category","embeddable":true,"href":"https:\/\/www.cnbb.org.br\/cnbb-app\/wp\/v2\/categories?post=13544"},{"taxonomy":"post_tag","embeddable":true,"href":"https:\/\/www.cnbb.org.br\/cnbb-app\/wp\/v2\/tags?post=13544"}],"curies":[{"name":"wp","href":"https:\/\/api.w.org\/{rel}","templated":true}]}}