{"id":13552,"date":"2015-02-13T00:00:00","date_gmt":"2015-02-13T02:00:00","guid":{"rendered":"https:\/\/www.cnbb.org.br\/emissoras-catolicas-transmitem-abertura-da-campanha-da-fraternidade-2015\/"},"modified":"2015-02-13T00:00:00","modified_gmt":"2015-02-13T02:00:00","slug":"emissoras-catolicas-transmitem-abertura-da-campanha-da-fraternidade-2015","status":"publish","type":"post","link":"https:\/\/www.cnbb.org.br\/emissoras-catolicas-transmitem-abertura-da-campanha-da-fraternidade-2015\/","title":{"rendered":"Emissoras cat\u00f3licas transmitem abertura da Campanha da Fraternidade"},"content":{"rendered":"<p style=\"text-align: justify\"><span style=\"font-size: 12.1599998474121px;line-height: 1.3em\">A Confer\u00eancia Nacional dos Bispos do Brasil (CNBB) far\u00e1 a abertura oficial da Campanha da Fraternidade 2015, na Quarta-feira de Cinzas, 18 de fevereiro, \u00e0s 10h45, na sede, em Bras\u00edlia (DF). O evento ser\u00e1 transmitido, ao vivo, pelas emissoras de inspira\u00e7\u00e3o cat\u00f3lica: Rede Vida, Nazar\u00e9, Aparecida, Evangelizar, Horizonte, S\u00e9culo 21 e Can\u00e7\u00e3o Nova.<\/span><\/p>\n<p><!--more--><\/p>\n<p style=\"text-align: justify\"><span style=\"font-size: 12.1599998474121px;line-height: 1.3em\">O bispo auxiliar de Bras\u00edlia e secret\u00e1rio geral da CNBB, dom Leonardo Ulrich Steiner, presidir\u00e1 a cerim\u00f4nia. Estar\u00e3o presentes representantes do governo e de entidades da sociedade civil. O ministro do Desenvolvimento Agr\u00e1rio, Patrus Ananias de Sousa; o presidente do Conselho Federal da Ordem dos Advogados do Brasil (OAB), Marcus Vin\u00edcius Furtado Coelho; e a secret\u00e1ria executiva do Conselho Nacional de Igrejas Crist\u00e3s (Conic), pastora Romi M\u00e1rcia Bencke, confirmaram presen\u00e7a.<\/span><\/p>\n<p style=\"text-align: justify\"><span style=\"font-size: 12.1599998474121px;line-height: 1.3em\">Na ocasi\u00e3o, ser\u00e1 divulgada a mensagem do papa Francisco para a Campanha da Fraternidade 2015. Ap\u00f3s a cerim\u00f4nia de abertura, haver\u00e1 atendimento \u00e0 imprensa.<\/span><\/p>\n<p style=\"text-align: justify\"><strong>Igreja e Sociedade<\/strong><\/p>\n<p style=\"text-align: justify\">Com o tema \u201cFraternidade: Igreja e Sociedade\u201d e lema \u201cEu vim para servir\u201d (cf. Mc 10, 45), a Campanha da Fraternidade (CF) 2015 buscar\u00e1 recordar a voca\u00e7\u00e3o e miss\u00e3o de todo o crist\u00e3o e das comunidades de f\u00e9, a partir do di\u00e1logo e colabora\u00e7\u00e3o entre Igreja e Sociedade, propostos pelo Conc\u00edlio Ecum\u00eanico Vaticano II.<\/p>\n<p style=\"text-align: justify\">\n","protected":false},"excerpt":{"rendered":"<p>A Confer\u00eancia Nacional dos Bispos do Brasil (CNBB) far\u00e1 a abertura oficial da Campanha da Fraternidade 2015, na Quarta-feira de Cinzas, 18 de fevereiro, \u00e0s 10h45, na sede, em Bras\u00edlia (DF). O evento ser\u00e1 transmitido, ao vivo, pelas emissoras de inspira\u00e7\u00e3o cat\u00f3lica: Rede Vida, Nazar\u00e9, Aparecida, Evangelizar, Horizonte, S\u00e9culo 21 e Can\u00e7\u00e3o Nova.<\/p>\n","protected":false},"author":83,"featured_media":13534,"comment_status":"open","ping_status":"open","sticky":false,"template":"","format":"standard","meta":{"site-sidebar-layout":"default","site-content-layout":"default","ast-global-header-display":"","ast-banner-title-visibility":"","ast-main-header-display":"","ast-hfb-above-header-display":"","ast-hfb-below-header-display":"","ast-hfb-mobile-header-display":"","site-post-title":"","ast-breadcrumbs-content":"","ast-featured-img":"","footer-sml-layout":"","theme-transparent-header-meta":"","adv-header-id-meta":"","stick-header-meta":"","header-above-stick-meta":"","header-main-stick-meta":"","header-below-stick-meta":""},"categories":[759,760],"tags":[],"acf":[],"_links":{"self":[{"href":"https:\/\/www.cnbb.org.br\/cnbb-app\/wp\/v2\/posts\/13552"}],"collection":[{"href":"https:\/\/www.cnbb.org.br\/cnbb-app\/wp\/v2\/posts"}],"about":[{"href":"https:\/\/www.cnbb.org.br\/cnbb-app\/wp\/v2\/types\/post"}],"author":[{"embeddable":true,"href":"https:\/\/www.cnbb.org.br\/cnbb-app\/wp\/v2\/users\/83"}],"replies":[{"embeddable":true,"href":"https:\/\/www.cnbb.org.br\/cnbb-app\/wp\/v2\/comments?post=13552"}],"version-history":[{"count":0,"href":"https:\/\/www.cnbb.org.br\/cnbb-app\/wp\/v2\/posts\/13552\/revisions"}],"wp:featuredmedia":[{"embeddable":true,"href":"https:\/\/www.cnbb.org.br\/cnbb-app\/wp\/v2\/media\/13534"}],"wp:attachment":[{"href":"https:\/\/www.cnbb.org.br\/cnbb-app\/wp\/v2\/media?parent=13552"}],"wp:term":[{"taxonomy":"category","embeddable":true,"href":"https:\/\/www.cnbb.org.br\/cnbb-app\/wp\/v2\/categories?post=13552"},{"taxonomy":"post_tag","embeddable":true,"href":"https:\/\/www.cnbb.org.br\/cnbb-app\/wp\/v2\/tags?post=13552"}],"curies":[{"name":"wp","href":"https:\/\/api.w.org\/{rel}","templated":true}]}}