{"id":13554,"date":"2015-02-17T00:00:00","date_gmt":"2015-02-17T02:00:00","guid":{"rendered":"https:\/\/www.cnbb.org.br\/cnbb-fara-abertura-oficial-da-campanha-da-fraternidade-2015\/"},"modified":"2015-02-17T00:00:00","modified_gmt":"2015-02-17T02:00:00","slug":"cnbb-fara-abertura-oficial-da-campanha-da-fraternidade-2015","status":"publish","type":"post","link":"https:\/\/www.cnbb.org.br\/cnbb-fara-abertura-oficial-da-campanha-da-fraternidade-2015\/","title":{"rendered":"CNBB far\u00e1 abertura oficial da Campanha da Fraternidade 2015"},"content":{"rendered":"<p style=\"text-align: justify\">A Confer\u00eancia Nacional dos Bispos do Brasil (CNBB) realiza, hoje, 18, a abertura oficial da Campanha da Fraternidade (CF) 2015. A cerim\u00f4nia ter\u00e1 in\u00edcio \u00e0s 10h45 e ser\u00e1 transmitida ao vivo, direto da sede da institui\u00e7\u00e3o, em Bras\u00edlia, \u00a0pelas emissoras cat\u00f3licas de r\u00e1dio e televis\u00e3o. Ap\u00f3s a abertura, haver\u00e1 atendimento \u00e0 imprensa.<\/p>\n<p><!--more--><\/p>\n<p style=\"text-align: justify\">Com o tema \u201cFraternidade: Igreja e Sociedade\u201d e lema \u201cEu vim para servir\u201d (cf. Mc 10, 45), a CF 2015 buscar\u00e1 recordar a voca\u00e7\u00e3o e a miss\u00e3o de todo o crist\u00e3o e das comunidades de f\u00e9, a partir do di\u00e1logo e colabora\u00e7\u00e3o entre Igreja e Sociedade, propostos pelo Conc\u00edlio Ecum\u00eanico Vaticano II.<\/p>\n<p>O bispo auxiliar de Bras\u00edlia e secret\u00e1rio geral da CNBB, dom Leonardo Ulrich Steiner, presidir\u00e1 a cerim\u00f4nia. Estar\u00e3o presentes representantes do governo e de entidades da sociedade civil. O ministro do Desenvolvimento Agr\u00e1rio, Patrus Ananias de Sousa; o presidente do Conselho Federal da Ordem dos Advogados do Brasil (OAB), Marcus Vin\u00edcius Furtado Coelho; e a secret\u00e1ria executiva do Conselho Nacional de Igrejas Crist\u00e3s (Conic), pastora Romi M\u00e1rcia Bencke, confirmaram presen\u00e7a.<\/p>\n<p>Na ocasi\u00e3o, ser\u00e1 divulgada a mensagem do papa Francisco para a Campanha da Fraternidade 2015.<\/p>\n<p style=\"text-align: justify\">Informa\u00e7\u00f5es: imprensa@cnbb.org.br ou (61) 2103-8300.<\/p>\n","protected":false},"excerpt":{"rendered":"<p>A Confer\u00eancia Nacional dos Bispos do Brasil (CNBB) realiza, hoje, 18, a abertura oficial da Campanha da Fraternidade (CF) 2015. A cerim\u00f4nia ter\u00e1 in\u00edcio \u00e0s 10h45 e ser\u00e1 transmitida ao vivo, direto da sede da institui\u00e7\u00e3o, em Bras\u00edlia, \u00a0pelas emissoras cat\u00f3licas de r\u00e1dio e televis\u00e3o. Ap\u00f3s a abertura, haver\u00e1 atendimento \u00e0 imprensa.<\/p>\n","protected":false},"author":83,"featured_media":13272,"comment_status":"open","ping_status":"open","sticky":false,"template":"","format":"standard","meta":{"site-sidebar-layout":"default","site-content-layout":"default","ast-global-header-display":"","ast-banner-title-visibility":"","ast-main-header-display":"","ast-hfb-above-header-display":"","ast-hfb-below-header-display":"","ast-hfb-mobile-header-display":"","site-post-title":"","ast-breadcrumbs-content":"","ast-featured-img":"","footer-sml-layout":"","theme-transparent-header-meta":"","adv-header-id-meta":"","stick-header-meta":"","header-above-stick-meta":"","header-main-stick-meta":"","header-below-stick-meta":""},"categories":[759,760],"tags":[],"acf":[],"_links":{"self":[{"href":"https:\/\/www.cnbb.org.br\/cnbb-app\/wp\/v2\/posts\/13554"}],"collection":[{"href":"https:\/\/www.cnbb.org.br\/cnbb-app\/wp\/v2\/posts"}],"about":[{"href":"https:\/\/www.cnbb.org.br\/cnbb-app\/wp\/v2\/types\/post"}],"author":[{"embeddable":true,"href":"https:\/\/www.cnbb.org.br\/cnbb-app\/wp\/v2\/users\/83"}],"replies":[{"embeddable":true,"href":"https:\/\/www.cnbb.org.br\/cnbb-app\/wp\/v2\/comments?post=13554"}],"version-history":[{"count":0,"href":"https:\/\/www.cnbb.org.br\/cnbb-app\/wp\/v2\/posts\/13554\/revisions"}],"wp:featuredmedia":[{"embeddable":true,"href":"https:\/\/www.cnbb.org.br\/cnbb-app\/wp\/v2\/media\/13272"}],"wp:attachment":[{"href":"https:\/\/www.cnbb.org.br\/cnbb-app\/wp\/v2\/media?parent=13554"}],"wp:term":[{"taxonomy":"category","embeddable":true,"href":"https:\/\/www.cnbb.org.br\/cnbb-app\/wp\/v2\/categories?post=13554"},{"taxonomy":"post_tag","embeddable":true,"href":"https:\/\/www.cnbb.org.br\/cnbb-app\/wp\/v2\/tags?post=13554"}],"curies":[{"name":"wp","href":"https:\/\/api.w.org\/{rel}","templated":true}]}}