{"id":13562,"date":"2015-02-23T00:00:00","date_gmt":"2015-02-23T03:00:00","guid":{"rendered":"https:\/\/www.cnbb.org.br\/diocese-de-bauru-lanca-cf-2015-em-camara-municipal\/"},"modified":"2015-02-23T00:00:00","modified_gmt":"2015-02-23T03:00:00","slug":"diocese-de-bauru-lanca-cf-2015-em-camara-municipal","status":"publish","type":"post","link":"https:\/\/www.cnbb.org.br\/diocese-de-bauru-lanca-cf-2015-em-camara-municipal\/","title":{"rendered":"Diocese de Bauru lan\u00e7a CF 2015 em C\u00e2mara Municipal"},"content":{"rendered":"<p style=\"text-align: justify\"><span style=\"font-size: 12.1599998474121px;line-height: 1.3em\">Durante missa celebrada na catedral do Divino Esp\u00edrito Santo da diocese de Bauru (SP), teve in\u00edcio as atividades locais da Campanha da Fraternidade 2015. Este ano, o tema proposto pela Confer\u00eancia Nacional dos Bispos do Brasil (CNBB) \u00e9 \u201cFraternidade: Igreja e Sociedade\u201d e o lema, \u201cEu vim para servir!\u201d. \u00a0Em \u00e2mbito nacional, a CF 2015 teve in\u00edcio na Quarta-feira de Cinzas, 18.<\/span><\/p>\n<p><!--more--><\/p>\n<p style=\"text-align: justify\">\u00a0<span style=\"font-size: 12.1599998474121px;line-height: 1.3em\">Com o objetivo de ampliar o di\u00e1logo entre Igreja e sociedade, a partir do tema deste ano, a diocese de Bauru ir\u00e1 apresentar a Campanha da Fraternidade na C\u00e2mara Municipal da cidade. A sess\u00e3o solene est\u00e1 marcada para o dia 5 de mar\u00e7o, \u00e0s 19h30. Estar\u00e3o presentes o bispo diocesano, dom Caetano Ferrari, padres, agentes de pastorais e autoridades do munic\u00edpio. A cerim\u00f4nia \u00e9 aberta ao p\u00fablico.<\/span><\/p>\n<p style=\"text-align: justify\"><strong>Iniciativas<\/strong><\/p>\n<p style=\"text-align: justify\">Na diocese, a equipe da Campanha da Fraternidade 2015 percorreu as par\u00f3quias, formando os agentes para atuarem nesta atividade de evangeliza\u00e7\u00e3o, al\u00e9m prepar\u00e1-los para gestos concretos, que incluem a\u00e7\u00f5es solid\u00e1rias e mission\u00e1rias. Atualmente, diversos projetos sociais s\u00e3o atendidos e acompanhados em Bauru e regi\u00e3o, com apoio do Fundo Diocesano de Solidariedade (FDS), a partir dos recursos da Coleta da Solidariedade, que ocorre no Domingo de Ramos.<\/p>\n<h5 style=\"text-align: justify\"><em>CNBB com informa\u00e7\u00f5es e foto da diocese de Bauru.\u00a0<\/em><\/h5>\n","protected":false},"excerpt":{"rendered":"<p>Durante missa celebrada na catedral do Divino Esp\u00edrito Santo da diocese de Bauru (SP), teve in\u00edcio as atividades locais da Campanha da Fraternidade 2015. Este ano, o tema proposto pela Confer\u00eancia Nacional dos Bispos do Brasil (CNBB) \u00e9 \u201cFraternidade: Igreja e Sociedade\u201d e o lema, \u201cEu vim para servir!\u201d. \u00a0Em \u00e2mbito nacional, a CF 2015 &hellip;<\/p>\n<p class=\"read-more\"> <a class=\"\" href=\"https:\/\/www.cnbb.org.br\/diocese-de-bauru-lanca-cf-2015-em-camara-municipal\/\"> <span class=\"screen-reader-text\">Diocese de Bauru lan\u00e7a CF 2015 em C\u00e2mara Municipal<\/span> Leia mais &raquo;<\/a><\/p>\n","protected":false},"author":83,"featured_media":13563,"comment_status":"open","ping_status":"open","sticky":false,"template":"","format":"standard","meta":{"site-sidebar-layout":"default","site-content-layout":"default","ast-global-header-display":"","ast-banner-title-visibility":"","ast-main-header-display":"","ast-hfb-above-header-display":"","ast-hfb-below-header-display":"","ast-hfb-mobile-header-display":"","site-post-title":"","ast-breadcrumbs-content":"","ast-featured-img":"","footer-sml-layout":"","theme-transparent-header-meta":"","adv-header-id-meta":"","stick-header-meta":"","header-above-stick-meta":"","header-main-stick-meta":"","header-below-stick-meta":""},"categories":[759,760],"tags":[],"acf":[],"_links":{"self":[{"href":"https:\/\/www.cnbb.org.br\/cnbb-app\/wp\/v2\/posts\/13562"}],"collection":[{"href":"https:\/\/www.cnbb.org.br\/cnbb-app\/wp\/v2\/posts"}],"about":[{"href":"https:\/\/www.cnbb.org.br\/cnbb-app\/wp\/v2\/types\/post"}],"author":[{"embeddable":true,"href":"https:\/\/www.cnbb.org.br\/cnbb-app\/wp\/v2\/users\/83"}],"replies":[{"embeddable":true,"href":"https:\/\/www.cnbb.org.br\/cnbb-app\/wp\/v2\/comments?post=13562"}],"version-history":[{"count":0,"href":"https:\/\/www.cnbb.org.br\/cnbb-app\/wp\/v2\/posts\/13562\/revisions"}],"wp:featuredmedia":[{"embeddable":true,"href":"https:\/\/www.cnbb.org.br\/cnbb-app\/wp\/v2\/media\/13563"}],"wp:attachment":[{"href":"https:\/\/www.cnbb.org.br\/cnbb-app\/wp\/v2\/media?parent=13562"}],"wp:term":[{"taxonomy":"category","embeddable":true,"href":"https:\/\/www.cnbb.org.br\/cnbb-app\/wp\/v2\/categories?post=13562"},{"taxonomy":"post_tag","embeddable":true,"href":"https:\/\/www.cnbb.org.br\/cnbb-app\/wp\/v2\/tags?post=13562"}],"curies":[{"name":"wp","href":"https:\/\/api.w.org\/{rel}","templated":true}]}}