{"id":13565,"date":"2015-03-03T00:00:00","date_gmt":"2015-03-03T03:00:00","guid":{"rendered":"https:\/\/www.cnbb.org.br\/eventos-marcam-abertura-da-cf-2015-no-piaui\/"},"modified":"2015-03-03T00:00:00","modified_gmt":"2015-03-03T03:00:00","slug":"eventos-marcam-abertura-da-cf-2015-no-piaui","status":"publish","type":"post","link":"https:\/\/www.cnbb.org.br\/eventos-marcam-abertura-da-cf-2015-no-piaui\/","title":{"rendered":"Eventos marcam abertura da CF 2015 no Piau\u00ed"},"content":{"rendered":"<p style=\"text-align: justify\">\n<p style=\"text-align: justify\">As dioceses do regional Nordeste 4 da Confer\u00eancia Nacional dos Bispos do Brasil (CNBB) realizaram eventos para apresenta\u00e7\u00e3o da Campanha da Fraternidade 2015 (CF 2015). A arquidiocese de Teresina (PI) reuniu milhares de fi\u00e9is no dia 21 de fevereiro, no parque Potycabana. Em Picos (PI), houve momento de forma\u00e7\u00e3o, em janeiro, e a abertura na Quarta-Feira de Cinzas. Na diocese de Oeiras, o bispo convidou a imprensa para divulgar a proposta da campanha.<\/p>\n<p><!--more--><\/p>\n<p style=\"text-align: justify\">\u00a0<strong style=\"font-size: 12.1599998474121px;line-height: 1.3em\">Teresina<\/strong><\/p>\n<p style=\"text-align: justify\">O evento promovido na capital do Piau\u00ed reuniu autoridades civis, o clero, membros das coordena\u00e7\u00f5es de pastorais e movimentos e milhares de fi\u00e9is. Na ocasi\u00e3o, o arcebispo local, dom Jacinto Brito, refor\u00e7ou o sentido do cartaz da CF, em que o papa Francisco se ajoelha para lavar e beijar os p\u00e9s do pr\u00f3ximo. Ele ressaltou a atua\u00e7\u00e3o das Pastorais e motivou lideran\u00e7as a partilharem testemunhos de seu trabalho.<\/p>\n<p style=\"text-align: justify\">O vig\u00e1rio geral da arquidiocese e presidente da A\u00e7\u00e3o Social Arquidiocesana (ASA), padre Tony Batista, lembrou alguns dos trabalhos desenvolvidos pela Igreja Cat\u00f3lica. \u201cVoc\u00eas v\u00e3o passar o ano inteiro me ouvindo falar dos projetos que a nossa igreja desenvolve por meio dos v\u00e1rios grupos, pastorais, movimentos e comunidades religiosas aqui na nossa arquidiocese. A gente precisa conhecer para valorizar, para amar esse povo de Deus que se p\u00f5e em servi\u00e7o pelos nossos irm\u00e3os que sofrem. \u00c9 esse o convite que Jesus veio fazer a todos n\u00f3s\u201d, disse.<\/p>\n<p style=\"text-align: justify\">Durante a cerim\u00f4nia aconteceram apresenta\u00e7\u00f5es culturais e outros depoimentos sobre a presen\u00e7a da Igreja na sociedade.<\/p>\n<p style=\"text-align: justify\"><strong>Picos<\/strong><\/p>\n<p style=\"text-align: justify\">A Equipe Permanente de Campanhas da diocese de Picos iniciou a prepara\u00e7\u00e3o para a CF 2015 com o Encontro Diocesano para Multiplicadores, ocorrido em janeiro. Na oportunidade, padres, religiosas, membros das equipes paroquiais permanentes de Campanhas, representantes de escolas p\u00fablicas e particulares e pessoas engajadas nas comunidades puderam criar um espa\u00e7o de participa\u00e7\u00e3o, planejamento e discuss\u00e3o sobre as atividades que s\u00e3o desenvolvidas neste per\u00edodo da Quaresma.<\/p>\n<p style=\"text-align: justify\">Na Quarta-feira de Cinzas, dia 18 de fevereiro, foi realizado o lan\u00e7amento da Campanha da Fraternidade 2015 na diocese e abertura do tempo quaresmal. A celebra\u00e7\u00e3o eucar\u00edstica aconteceu na Catedral de Nossa Senhora dos Rem\u00e9dios e foi presidida pelo bispo diocesano, dom Pl\u00ednio Jos\u00e9 Luz da Silva, e concelebrada pelo p\u00e1roco local, padre Francisco Pereira Borges.<\/p>\n<p style=\"text-align: justify\"><strong>Oeiras<img decoding=\"async\" loading=\"lazy\" class=\" alignright size-full wp-image-25009\" style=\"float: right\" src=\"https:\/\/www.cnbb.org.br\/wp-content\/uploads\/2020\/03\/Oeiras_CF-2015-350x263-1.jpg\" width=\"145\" height=\"109\" border=\"0\" \/><\/strong><\/p>\n<p style=\"text-align: justify\">Em Oeiras, o bispo diocesano, dom Juarez Sousa, participou, no dia 7 de fevereiro, de uma coletiva de imprensa para o lan\u00e7amento da Campanha da Fraternidade 2015. O evento foi transmitido pela r\u00e1dio Educativa Cristo Rei e teve a participa\u00e7\u00e3o de radialistas, jornalistas, agentes de pastorais, sacerdotes, religiosas, membros da Pastoral da Comunica\u00e7\u00e3o, leigos e representantes de outras igrejas.<\/p>\n<p style=\"text-align: justify\">\n<h5 style=\"text-align: justify\">Com informa\u00e7\u00f5es e fotografia do regional Nordeste 4 da CNBB<\/h5>\n<p>&nbsp;<\/p>\n<p>&nbsp;<\/p>\n<p>&nbsp;<\/p>\n<p>&nbsp;<\/p>\n","protected":false},"excerpt":{"rendered":"<p>As dioceses do regional Nordeste 4 da Confer\u00eancia Nacional dos Bispos do Brasil (CNBB) realizaram eventos para apresenta\u00e7\u00e3o da Campanha da Fraternidade 2015 (CF 2015). A arquidiocese de Teresina (PI) reuniu milhares de fi\u00e9is no dia 21 de fevereiro, no parque Potycabana. Em Picos (PI), houve momento de forma\u00e7\u00e3o, em janeiro, e a abertura na &hellip;<\/p>\n<p class=\"read-more\"> <a class=\"\" href=\"https:\/\/www.cnbb.org.br\/eventos-marcam-abertura-da-cf-2015-no-piaui\/\"> <span class=\"screen-reader-text\">Eventos marcam abertura da CF 2015 no Piau\u00ed<\/span> Leia mais &raquo;<\/a><\/p>\n","protected":false},"author":83,"featured_media":13566,"comment_status":"open","ping_status":"open","sticky":false,"template":"","format":"standard","meta":{"site-sidebar-layout":"default","site-content-layout":"default","ast-global-header-display":"","ast-banner-title-visibility":"","ast-main-header-display":"","ast-hfb-above-header-display":"","ast-hfb-below-header-display":"","ast-hfb-mobile-header-display":"","site-post-title":"","ast-breadcrumbs-content":"","ast-featured-img":"","footer-sml-layout":"","theme-transparent-header-meta":"","adv-header-id-meta":"","stick-header-meta":"","header-above-stick-meta":"","header-main-stick-meta":"","header-below-stick-meta":""},"categories":[759,760],"tags":[],"acf":[],"_links":{"self":[{"href":"https:\/\/www.cnbb.org.br\/cnbb-app\/wp\/v2\/posts\/13565"}],"collection":[{"href":"https:\/\/www.cnbb.org.br\/cnbb-app\/wp\/v2\/posts"}],"about":[{"href":"https:\/\/www.cnbb.org.br\/cnbb-app\/wp\/v2\/types\/post"}],"author":[{"embeddable":true,"href":"https:\/\/www.cnbb.org.br\/cnbb-app\/wp\/v2\/users\/83"}],"replies":[{"embeddable":true,"href":"https:\/\/www.cnbb.org.br\/cnbb-app\/wp\/v2\/comments?post=13565"}],"version-history":[{"count":0,"href":"https:\/\/www.cnbb.org.br\/cnbb-app\/wp\/v2\/posts\/13565\/revisions"}],"wp:featuredmedia":[{"embeddable":true,"href":"https:\/\/www.cnbb.org.br\/cnbb-app\/wp\/v2\/media\/13566"}],"wp:attachment":[{"href":"https:\/\/www.cnbb.org.br\/cnbb-app\/wp\/v2\/media?parent=13565"}],"wp:term":[{"taxonomy":"category","embeddable":true,"href":"https:\/\/www.cnbb.org.br\/cnbb-app\/wp\/v2\/categories?post=13565"},{"taxonomy":"post_tag","embeddable":true,"href":"https:\/\/www.cnbb.org.br\/cnbb-app\/wp\/v2\/tags?post=13565"}],"curies":[{"name":"wp","href":"https:\/\/api.w.org\/{rel}","templated":true}]}}