{"id":13581,"date":"2015-04-06T00:00:00","date_gmt":"2015-04-06T03:00:00","guid":{"rendered":"https:\/\/www.cnbb.org.br\/em-santa-catarina-cf-e-destaque-em-assembleia-legislativa\/"},"modified":"2015-04-06T00:00:00","modified_gmt":"2015-04-06T03:00:00","slug":"em-santa-catarina-cf-e-destaque-em-assembleia-legislativa","status":"publish","type":"post","link":"https:\/\/www.cnbb.org.br\/em-santa-catarina-cf-e-destaque-em-assembleia-legislativa\/","title":{"rendered":"Em Santa Catarina, CF \u00e9 destaque em Assembleia Legislativa"},"content":{"rendered":"<p style=\"text-align: justify\"><span style=\"font-size: 12.1599998474121px;line-height: 1.3em\">Cerca de 400 pessoas lotaram o plen\u00e1rio da Assembleia Legislativa de Santa Catarina (ALESC) na noite de segunda-feira, 30 de mar\u00e7o, para acompanhar a Sess\u00e3o Especial da Campanha da Fraternidade (CF) 2015. Representantes de diversas pastorais e movimentos da arquidiocese de Florian\u00f3polis (SC) acompanharam a cerim\u00f4nia.<\/span><\/p>\n<p><!--more--><\/p>\n<p style=\"text-align: justify\">\u00a0O lema da CF 2015, \u201cEu vim para servir\u201d, foi o pano de fundo para os discursos inicias do evento, conclamando a popula\u00e7\u00e3o, a Igreja e as entidades p\u00fablicas a cada vez mais se colocarem ao servi\u00e7o dos outros, na busca de uma sociedade mais igualit\u00e1ria.<\/p>\n<p style=\"text-align: justify\"><img decoding=\"async\" loading=\"lazy\" class=\" alignright size-full wp-image-25392\" src=\"https:\/\/www.cnbb.org.br\/wp-content\/uploads\/2020\/03\/CF-em-Floripa2-270x270-1.jpg\" alt=\"\" width=\"136\" height=\"136\" align=\"right\" border=\"0\" \/>O arcebispo de Florian\u00f3polis, dom Wilson Tadeu J\u00f6nck, aproveitou a oportunidade para fazer um breve hist\u00f3rico da rela\u00e7\u00e3o entre a Igreja e a sociedade ao longo dos tempos, evidenciando que \u201ca Igreja sempre se preocupou com as diversas quest\u00f5es sociais, e com mais evid\u00eancia as \u00e1reas da educa\u00e7\u00e3o e da sa\u00fade\u201d.<\/p>\n<p style=\"text-align: justify\">Receberam homenagens a Comiss\u00e3o de Pastoral da Terra, Pastoral da Sa\u00fade, Pastoral da Crian\u00e7a, Pastoral da Pessoa Idosa, Pastoral Carcer\u00e1ria, Pastoral da Sobriedade, Pastoral dos Migrantes, Conselho Indigenista, C\u00e1ritas Brasileiras Regional Santa Catarina, Irm\u00e3os Maristas e, ainda, as personalidades padre Pedro Jos\u00e9 Koehler e padre Pedro Adolino Martendal.<\/p>\n<h5>Com informa\u00e7\u00f5es da arquidiocese de Florian\u00f3polis<\/h5>\n","protected":false},"excerpt":{"rendered":"<p>Cerca de 400 pessoas lotaram o plen\u00e1rio da Assembleia Legislativa de Santa Catarina (ALESC) na noite de segunda-feira, 30 de mar\u00e7o, para acompanhar a Sess\u00e3o Especial da Campanha da Fraternidade (CF) 2015. Representantes de diversas pastorais e movimentos da arquidiocese de Florian\u00f3polis (SC) acompanharam a cerim\u00f4nia.<\/p>\n","protected":false},"author":83,"featured_media":13582,"comment_status":"open","ping_status":"open","sticky":false,"template":"","format":"standard","meta":{"site-sidebar-layout":"default","site-content-layout":"default","ast-global-header-display":"","ast-banner-title-visibility":"","ast-main-header-display":"","ast-hfb-above-header-display":"","ast-hfb-below-header-display":"","ast-hfb-mobile-header-display":"","site-post-title":"","ast-breadcrumbs-content":"","ast-featured-img":"","footer-sml-layout":"","theme-transparent-header-meta":"","adv-header-id-meta":"","stick-header-meta":"","header-above-stick-meta":"","header-main-stick-meta":"","header-below-stick-meta":""},"categories":[759,760],"tags":[],"acf":[],"_links":{"self":[{"href":"https:\/\/www.cnbb.org.br\/cnbb-app\/wp\/v2\/posts\/13581"}],"collection":[{"href":"https:\/\/www.cnbb.org.br\/cnbb-app\/wp\/v2\/posts"}],"about":[{"href":"https:\/\/www.cnbb.org.br\/cnbb-app\/wp\/v2\/types\/post"}],"author":[{"embeddable":true,"href":"https:\/\/www.cnbb.org.br\/cnbb-app\/wp\/v2\/users\/83"}],"replies":[{"embeddable":true,"href":"https:\/\/www.cnbb.org.br\/cnbb-app\/wp\/v2\/comments?post=13581"}],"version-history":[{"count":0,"href":"https:\/\/www.cnbb.org.br\/cnbb-app\/wp\/v2\/posts\/13581\/revisions"}],"wp:featuredmedia":[{"embeddable":true,"href":"https:\/\/www.cnbb.org.br\/cnbb-app\/wp\/v2\/media\/13582"}],"wp:attachment":[{"href":"https:\/\/www.cnbb.org.br\/cnbb-app\/wp\/v2\/media?parent=13581"}],"wp:term":[{"taxonomy":"category","embeddable":true,"href":"https:\/\/www.cnbb.org.br\/cnbb-app\/wp\/v2\/categories?post=13581"},{"taxonomy":"post_tag","embeddable":true,"href":"https:\/\/www.cnbb.org.br\/cnbb-app\/wp\/v2\/tags?post=13581"}],"curies":[{"name":"wp","href":"https:\/\/api.w.org\/{rel}","templated":true}]}}