{"id":13621,"date":"2016-05-03T00:00:00","date_gmt":"2016-05-03T03:00:00","guid":{"rendered":"https:\/\/www.cnbb.org.br\/consep-prepara-texto-base-da-cf-2017\/"},"modified":"2016-05-03T00:00:00","modified_gmt":"2016-05-03T03:00:00","slug":"consep-prepara-texto-base-da-cf-2017","status":"publish","type":"post","link":"https:\/\/www.cnbb.org.br\/consep-prepara-texto-base-da-cf-2017\/","title":{"rendered":"Consep prepara texto-base da CF 2017"},"content":{"rendered":"<p style=\"text-align: justify\">Em reuni\u00e3o, bispos comunicam\u00a0atividades desenvolvidas pelas\u00a0comiss\u00f5es<\/p>\n<p><!--more--><\/p>\n<p>&nbsp;<\/p>\n<p style=\"text-align: justify\">O Conselho Episcopal Pastoral (Consep) da Confer\u00eancia Nacional dos Bispos do Brasil (CNBB) re\u00fane-se em Bras\u00edlia, nos dias 3 e 4 de maio, para dar encaminhamentos \u00e0 55\u00aa Assembleia Geral da entidade, que acontecer\u00e1 no pr\u00f3ximo ano, e preparar o texto-base da Campanha da Fraternidade 2017.<\/p>\n<p style=\"text-align: justify\">Na ocasi\u00e3o, os bispos sugeriram temas para a pr\u00f3xima Assembleia, que agora ser\u00e3o discutidos e aprovados pelo Conselho Permanente da Confer\u00eancia, durante reuni\u00e3o em junho deste ano.<\/p>\n<p style=\"text-align: justify\">Hoje, pela manh\u00e3, em grupos, os bispos discutem sobre os cap\u00edtulos do texto-base da CF 2017, que tem como tema \u201cFraternidade: biomas brasileiros e defesa da vida\u201d e lema \u201cCultivar e guardar a cria\u00e7\u00e3o\u201d.<\/p>\n<h3 style=\"text-align: justify\">Partilhas<\/h3>\n<p style=\"text-align: justify\">Na tarde de ontem, \u00a0houve um momento de partilha entre as comiss\u00f5es episcopais da CNBB.<\/p>\n<p style=\"text-align: justify\">O bispo auxiliar de S\u00e3o Lu\u00eds (MA) e presidente da Comiss\u00e3o Episcopal Pastoral para a A\u00e7\u00e3o Mission\u00e1ria e Coopera\u00e7\u00e3o Intereclesial, dom Esmeraldo Barreto de Farias, falou sobre a miss\u00e3o realizada pelo bispo de \u00d3bidos, dom Bernardo Johannes Bahlmann; pelo padre Estev\u00e3o Raschietti, do Centro Cultural Mission\u00e1rio; e \u00a0padre Jaime Patias, das Pontif\u00edcias Obras Mission\u00e1rias, a Pemba, Mo\u00e7ambique.\u00a0\u201cA finalidade \u00e9 perceber a presen\u00e7a brasileira, os desafios e observar que outros passos poderemos dar\u201d, explicou dom Esmeraldo.<\/p>\n<p style=\"text-align: justify\">O arcebispo de Porto Alegre (RS) e presidente da Comiss\u00e3o Episcopal Pastoral para os Minist\u00e9rios Ordenados, dom Jaime Spengler, recordou o Encontro Nacional de Presb\u00edteros, ocorrido de 19 a 25 de abril, em Aparecida (SP). O evento reuniu 560 presb\u00edteros e contou com a presen\u00e7a do vice-presidente da CNBB, dom Murilo Krieger, e do secret\u00e1rio da Congrega\u00e7\u00e3o para o Clero para os semin\u00e1rios menores, dom Jorge Padron. De acordo com dom Jaime, dom Padron apresentou durante o encontro grandes desafios como a forma\u00e7\u00e3o permanente do clero.<\/p>\n<p style=\"text-align: justify\">O bispo de Barra do Pira\u00ed-Volta Redonda (RJ), dom Francisco Biasin, disse que, no \u00e2mbito do ecumenismo, tr\u00eas bispos e tr\u00eas te\u00f3logos elaboraram um guia de encontro para as igrejas Cat\u00f3lica e Luterana, visando a aproxima\u00e7\u00e3o entre elas.<\/p>\n<p style=\"text-align: justify\">A presidente do Conselho Nacional do Laicato do Brasil (CNLB), Marilza Chuina, falou sobre as expectativas com rela\u00e7\u00e3o \u00e0 publica\u00e7\u00e3o do documento, aprovado na \u00faltima Assembleia Geral da CNBB, sobre os crist\u00e3os leigos. \u201cEsperamos que fa\u00e7a a diferen\u00e7a na Igreja e na sociedade\u201d, disse.<\/p>\n<p style=\"text-align: justify\">Tamb\u00e9m est\u00e3o na pauta da reuni\u00e3o an\u00e1lise de conjuntura, Jornada Mundial da Juventude, Ano da Miseric\u00f3rdia.<\/p>\n<p style=\"text-align: justify\">O Consep re\u00fane a presid\u00eancia da CNBB e os presidentes das doze comiss\u00f5es episcopais da CNBB. Participam do evento assessores e representantes das pastorais e organismos da Confer\u00eancia.<\/p>\n<p style=\"text-align: justify\">\n","protected":false},"excerpt":{"rendered":"<p>Em reuni\u00e3o, bispos comunicam\u00a0atividades desenvolvidas pelas\u00a0comiss\u00f5es<\/p>\n","protected":false},"author":83,"featured_media":13622,"comment_status":"open","ping_status":"open","sticky":false,"template":"","format":"standard","meta":{"site-sidebar-layout":"default","site-content-layout":"default","ast-global-header-display":"","ast-banner-title-visibility":"","ast-main-header-display":"","ast-hfb-above-header-display":"","ast-hfb-below-header-display":"","ast-hfb-mobile-header-display":"","site-post-title":"","ast-breadcrumbs-content":"","ast-featured-img":"","footer-sml-layout":"","theme-transparent-header-meta":"","adv-header-id-meta":"","stick-header-meta":"","header-above-stick-meta":"","header-main-stick-meta":"","header-below-stick-meta":""},"categories":[759,760],"tags":[],"acf":[],"_links":{"self":[{"href":"https:\/\/www.cnbb.org.br\/cnbb-app\/wp\/v2\/posts\/13621"}],"collection":[{"href":"https:\/\/www.cnbb.org.br\/cnbb-app\/wp\/v2\/posts"}],"about":[{"href":"https:\/\/www.cnbb.org.br\/cnbb-app\/wp\/v2\/types\/post"}],"author":[{"embeddable":true,"href":"https:\/\/www.cnbb.org.br\/cnbb-app\/wp\/v2\/users\/83"}],"replies":[{"embeddable":true,"href":"https:\/\/www.cnbb.org.br\/cnbb-app\/wp\/v2\/comments?post=13621"}],"version-history":[{"count":0,"href":"https:\/\/www.cnbb.org.br\/cnbb-app\/wp\/v2\/posts\/13621\/revisions"}],"wp:featuredmedia":[{"embeddable":true,"href":"https:\/\/www.cnbb.org.br\/cnbb-app\/wp\/v2\/media\/13622"}],"wp:attachment":[{"href":"https:\/\/www.cnbb.org.br\/cnbb-app\/wp\/v2\/media?parent=13621"}],"wp:term":[{"taxonomy":"category","embeddable":true,"href":"https:\/\/www.cnbb.org.br\/cnbb-app\/wp\/v2\/categories?post=13621"},{"taxonomy":"post_tag","embeddable":true,"href":"https:\/\/www.cnbb.org.br\/cnbb-app\/wp\/v2\/tags?post=13621"}],"curies":[{"name":"wp","href":"https:\/\/api.w.org\/{rel}","templated":true}]}}