{"id":13668,"date":"2011-11-23T00:00:00","date_gmt":"2011-11-23T02:00:00","guid":{"rendered":"https:\/\/www.cnbb.org.br\/novena-de-natal-em-familia-e-campanha-para-a-evangelizacao\/"},"modified":"2011-11-23T00:00:00","modified_gmt":"2011-11-23T02:00:00","slug":"novena-de-natal-em-familia-e-campanha-para-a-evangelizacao","status":"publish","type":"post","link":"https:\/\/www.cnbb.org.br\/novena-de-natal-em-familia-e-campanha-para-a-evangelizacao\/","title":{"rendered":"Novena de natal em fam\u00edlia e Campanha para a Evangeliza\u00e7\u00e3o"},"content":{"rendered":"<h4 style=\"text-align: right\">Dom Enem\u00e9sio \u00c2ngelo Lazzaris<\/h4>\n<h4 style=\"text-align: right\">Bispo Diocesano de Balsas &#8211; MA<\/h4>\n<p style=\"text-align: justify\">Mais uma vez somos convocados a nos prepararmos bem para celebrar a mem\u00f3ria do nascimento do Menino Deus. J\u00e1 \u00e9 hora de providenciar o nosso livrinho e come\u00e7ar a organizar nossos grupos para preparar e realizar bem a novena. Nada de improvisa\u00e7\u00e3o; os que v\u00e3o coordenar os encontros devem estar bem por dentro do assunto, preparar os c\u00e2nticos, visitar e orientar cada uma das fam\u00edlias onde v\u00e3o ser realizados os encontros. \u00c9 importante que as fam\u00edlias estejam presentes e participem de todos os encontros.<\/p>\n<p><!--more--><\/p>\n<p style=\"text-align: justify\">H\u00e1 alguns anos, a Igreja no Brasil realiza, durante o advento, a campanha para a evangeliza\u00e7\u00e3o. Qual a finalidade desta Campanha?<\/p>\n<p style=\"text-align: justify\">&#8211; \u00c9 para todos tomarmos consci\u00eancia da import\u00e2ncia da evangeliza\u00e7\u00e3o. E para participarmos de uma contribui\u00e7\u00e3o especial para que seja formado o fundo para a evangeliza\u00e7\u00e3o. Embora o \u201cdia D\u201d desta campanha seja o 3\u00ba domingo (3\u00ba fim de semana) do advento, \u00e9 preciso, desde o in\u00edcio, ir motivando o povo para que saiba o que est\u00e1 fazendo e fa\u00e7a com generosidade a sua oferta. N\u00e3o se deve deixar para a \u00faltima hora. Lembro que todas as ofertas das celebra\u00e7\u00f5es dos dias 17 e 18 de dezembro, que estejam no envelope ou n\u00e3o, devem ser enviadas na \u00edntegra para a diocese, que, do total, enviar\u00e1 uma parte para a CNBB e ficar\u00e1 com a outra para constituir o fundo diocesano de evangeliza\u00e7\u00e3o. Com estes recursos poderemos levar\u00a0 adiante com mais seguran\u00e7a o processo de forma\u00e7\u00e3o nos dois polos, de Pastos Bons e Balsas, nas diaconias e par\u00f3quias. Isso implica gastos com a infra estrutura, com alimenta\u00e7\u00e3o, com assessores, com viagens e com material. Parte deste fundo ser\u00e1 destinado para o or\u00e7amento das pastorais e movimentos eclesiais, a fim de que possam organizar suas atividades evangelizadoras.<\/p>\n<p style=\"text-align: justify\">Se os fi\u00e9is entenderem bem do que se trata, far\u00e3o sua oferta com mais consci\u00eancia e maior generosidade.<\/p>\n","protected":false},"excerpt":{"rendered":"<p>Dom Enem\u00e9sio \u00c2ngelo Lazzaris Bispo Diocesano de Balsas &#8211; MA Mais uma vez somos convocados a nos prepararmos bem para celebrar a mem\u00f3ria do nascimento do Menino Deus. J\u00e1 \u00e9 hora de providenciar o nosso livrinho e come\u00e7ar a organizar nossos grupos para preparar e realizar bem a novena. Nada de improvisa\u00e7\u00e3o; os que v\u00e3o &hellip;<\/p>\n<p class=\"read-more\"> <a class=\"\" href=\"https:\/\/www.cnbb.org.br\/novena-de-natal-em-familia-e-campanha-para-a-evangelizacao\/\"> <span class=\"screen-reader-text\">Novena de natal em fam\u00edlia e Campanha para a Evangeliza\u00e7\u00e3o<\/span> Leia mais &raquo;<\/a><\/p>\n","protected":false},"author":83,"featured_media":0,"comment_status":"open","ping_status":"open","sticky":false,"template":"","format":"standard","meta":{"site-sidebar-layout":"default","site-content-layout":"default","ast-global-header-display":"","ast-banner-title-visibility":"","ast-main-header-display":"","ast-hfb-above-header-display":"","ast-hfb-below-header-display":"","ast-hfb-mobile-header-display":"","site-post-title":"","ast-breadcrumbs-content":"","ast-featured-img":"","footer-sml-layout":"","theme-transparent-header-meta":"","adv-header-id-meta":"","stick-header-meta":"","header-above-stick-meta":"","header-main-stick-meta":"","header-below-stick-meta":""},"categories":[759,761],"tags":[],"acf":[],"_links":{"self":[{"href":"https:\/\/www.cnbb.org.br\/cnbb-app\/wp\/v2\/posts\/13668"}],"collection":[{"href":"https:\/\/www.cnbb.org.br\/cnbb-app\/wp\/v2\/posts"}],"about":[{"href":"https:\/\/www.cnbb.org.br\/cnbb-app\/wp\/v2\/types\/post"}],"author":[{"embeddable":true,"href":"https:\/\/www.cnbb.org.br\/cnbb-app\/wp\/v2\/users\/83"}],"replies":[{"embeddable":true,"href":"https:\/\/www.cnbb.org.br\/cnbb-app\/wp\/v2\/comments?post=13668"}],"version-history":[{"count":0,"href":"https:\/\/www.cnbb.org.br\/cnbb-app\/wp\/v2\/posts\/13668\/revisions"}],"wp:attachment":[{"href":"https:\/\/www.cnbb.org.br\/cnbb-app\/wp\/v2\/media?parent=13668"}],"wp:term":[{"taxonomy":"category","embeddable":true,"href":"https:\/\/www.cnbb.org.br\/cnbb-app\/wp\/v2\/categories?post=13668"},{"taxonomy":"post_tag","embeddable":true,"href":"https:\/\/www.cnbb.org.br\/cnbb-app\/wp\/v2\/tags?post=13668"}],"curies":[{"name":"wp","href":"https:\/\/api.w.org\/{rel}","templated":true}]}}