{"id":13686,"date":"2015-05-28T00:00:00","date_gmt":"2015-05-28T03:00:00","guid":{"rendered":"https:\/\/www.cnbb.org.br\/coordenacoes-estudam-bula-do-ano-da-misericordia-e-diretrizes\/"},"modified":"2015-05-28T00:00:00","modified_gmt":"2015-05-28T03:00:00","slug":"coordenacoes-estudam-bula-do-ano-da-misericordia-e-diretrizes","status":"publish","type":"post","link":"https:\/\/www.cnbb.org.br\/coordenacoes-estudam-bula-do-ano-da-misericordia-e-diretrizes\/","title":{"rendered":"Coordenadores da A\u00e7\u00e3o Evangelizadora estudam Bula do Ano da Miseric\u00f3rdia e Diretrizes"},"content":{"rendered":"<p style=\"text-align: justify\">\n<p style=\"text-align: justify\"><span style=\"font-size: 12.1599998474121px;line-height: 1.3em\">A Bula de convoca\u00e7\u00e3o do Jubileu extraordin\u00e1rio da Miseric\u00f3rdia, \u201cMisericordiae Vultus\u201d (O rosto da Miseric\u00f3rdia), e o Documento 102 da Confer\u00eancia Nacional dos Bispo do Brasil (CNBB), Diretrizes Gerais da A\u00e7\u00e3o Evangelizadora da Igreja no Brasil (DGAE 2015-2019), foram temas de estudo de padres coordenadores da A\u00e7\u00e3o Evangelizadora (CAE) das dioceses paranaenses, al\u00e9m de lideran\u00e7as de pastorais, movimentos e organismos do regional Sul 2 da Confer\u00eancia. O encontro de forma\u00e7\u00e3o aconteceu em Curitiba (PR), nos dias 26 e 27 de maio.<\/span><\/p>\n<p><!--more--><\/p>\n<p style=\"text-align: justify\"><span style=\"font-size: 12.1599998474121px;line-height: 1.3em\">Com assessoria dos bispos de S\u00e3o Jos\u00e9 dos Pinhais (PR), dom Francisco Carlos Bach, e de Paranava\u00ed (PR), dom Geremias Steinmetz, o grupo aprofundou sobre o texto preparado pelo papa Francisco para a convoca\u00e7\u00e3o oficial do Jubileu extraordin\u00e1rio da Miseric\u00f3rdia, ocorrida no dia 11 de abril.<\/span><\/p>\n<p style=\"text-align: justify\">Com o lema \u201cMisericordiosos como o Pai\u201d, o Ano da Miseric\u00f3rdia ter\u00e1 in\u00edcio no dia 8 de dezembro de 2015, na solenidade da Imaculada Concei\u00e7\u00e3o. Este dia ser\u00e1 marcado pela abertura da Porta Santa na bas\u00edlica de S\u00e3o Pedro. A conclus\u00e3o do Jubileu ser\u00e1 em 20 de novembro de 2016, na Solenidade de Jesus Cristo, Rei do Universo. Entre as duas datas, h\u00e1 uma s\u00e9rie de atividades preparadas pela Santa S\u00e9, dispon\u00edveis no <a href=\"http:\/\/www.iubilaeummisericordiae.va\/content\/gdm\/pt.html\" target=\"_blank\" rel=\"noopener\">site<\/a> preparado para a ocasi\u00e3o.<\/p>\n<p style=\"text-align: justify\">A bula \u201cO rosto da Miseric\u00f3rdia\u201d foi <a href=\"artigos-dos-bispos-1\/dom-pedro-carlos-cipolini-1\/16521-o-vulto-da-misericordia\">apresentada ao episcopado brasileiro<\/a> durante a 53\u00aa Assembleia Geral (AG) da CNBB pelo presidente da Comiss\u00e3o Episcopal Pastoral para a Doutrina da F\u00e9, dom Pedro Carlos Cipollini, nomeado ontem, dia 27, pelo papa Francisco para a diocese de Santo Andr\u00e9 (SP). No texto, Francisco deseja que a Igreja \u201cfa\u00e7a eco da Palavra de Deus que ressoa, forte e convincente, como uma palavra e um gesto de perd\u00e3o, apoio, ajuda, amor. Que ela nunca se canse de oferecer miseric\u00f3rdia e seja sempre paciente a confortar e perdoar\u201d, escreveu.<\/p>\n<p style=\"text-align: justify\"><strong>Diretrizes<\/strong><\/p>\n<p style=\"text-align: justify\">O grupo formado por 51 representantes das dioceses do regional Sul 2 teve uma vis\u00e3o geral das <a href=\"imprensa-1\/noticias\/16530-cnbb-publica-dgae-2015-2019\">novas DGAE<\/a>, atualizadas pelos bispos durante a 53\u00aa AG a partir da Exorta\u00e7\u00e3o Apost\u00f3lica do papa Francisco <em>Evangelii Gaudium <\/em>(Alegria do Evangelho) e do pronunciamento aos bispos em julho de 2013, no Rio de Janeiro.<\/p>\n<p style=\"text-align: justify\"><strong>Partilha<\/strong><\/p>\n<p style=\"text-align: justify\">Os coordenadores diocesanos da A\u00e7\u00e3o Evangelizadora e as lideran\u00e7as de pastorais, movimentos e organismos eclesiais aproveitaram o encontro, ainda, para partilhar as experi\u00eancias da caminhada realizada em cada Igreja particular.<\/p>\n<p style=\"text-align: justify\"><span style=\"font-size: 0.83em;line-height: 1.3em\">Com informa\u00e7\u00f5es e imagem do regional Sul 2 da CNBB<\/span><\/p>\n<p>&nbsp;<\/p>\n<p>&nbsp;<\/p>\n<p>&nbsp;<\/p>\n","protected":false},"excerpt":{"rendered":"<p>A Bula de convoca\u00e7\u00e3o do Jubileu extraordin\u00e1rio da Miseric\u00f3rdia, \u201cMisericordiae Vultus\u201d (O rosto da Miseric\u00f3rdia), e o Documento 102 da Confer\u00eancia Nacional dos Bispo do Brasil (CNBB), Diretrizes Gerais da A\u00e7\u00e3o Evangelizadora da Igreja no Brasil (DGAE 2015-2019), foram temas de estudo de padres coordenadores da A\u00e7\u00e3o Evangelizadora (CAE) das dioceses paranaenses, al\u00e9m de lideran\u00e7as &hellip;<\/p>\n<p class=\"read-more\"> <a class=\"\" href=\"https:\/\/www.cnbb.org.br\/coordenacoes-estudam-bula-do-ano-da-misericordia-e-diretrizes\/\"> <span class=\"screen-reader-text\">Coordenadores da A\u00e7\u00e3o Evangelizadora estudam Bula do Ano da Miseric\u00f3rdia e Diretrizes<\/span> Leia mais &raquo;<\/a><\/p>\n","protected":false},"author":83,"featured_media":13687,"comment_status":"open","ping_status":"open","sticky":false,"template":"","format":"standard","meta":{"site-sidebar-layout":"default","site-content-layout":"default","ast-global-header-display":"","ast-banner-title-visibility":"","ast-main-header-display":"","ast-hfb-above-header-display":"","ast-hfb-below-header-display":"","ast-hfb-mobile-header-display":"","site-post-title":"","ast-breadcrumbs-content":"","ast-featured-img":"","footer-sml-layout":"","theme-transparent-header-meta":"","adv-header-id-meta":"","stick-header-meta":"","header-above-stick-meta":"","header-main-stick-meta":"","header-below-stick-meta":""},"categories":[854,748],"tags":[],"acf":[],"_links":{"self":[{"href":"https:\/\/www.cnbb.org.br\/cnbb-app\/wp\/v2\/posts\/13686"}],"collection":[{"href":"https:\/\/www.cnbb.org.br\/cnbb-app\/wp\/v2\/posts"}],"about":[{"href":"https:\/\/www.cnbb.org.br\/cnbb-app\/wp\/v2\/types\/post"}],"author":[{"embeddable":true,"href":"https:\/\/www.cnbb.org.br\/cnbb-app\/wp\/v2\/users\/83"}],"replies":[{"embeddable":true,"href":"https:\/\/www.cnbb.org.br\/cnbb-app\/wp\/v2\/comments?post=13686"}],"version-history":[{"count":0,"href":"https:\/\/www.cnbb.org.br\/cnbb-app\/wp\/v2\/posts\/13686\/revisions"}],"wp:featuredmedia":[{"embeddable":true,"href":"https:\/\/www.cnbb.org.br\/cnbb-app\/wp\/v2\/media\/13687"}],"wp:attachment":[{"href":"https:\/\/www.cnbb.org.br\/cnbb-app\/wp\/v2\/media?parent=13686"}],"wp:term":[{"taxonomy":"category","embeddable":true,"href":"https:\/\/www.cnbb.org.br\/cnbb-app\/wp\/v2\/categories?post=13686"},{"taxonomy":"post_tag","embeddable":true,"href":"https:\/\/www.cnbb.org.br\/cnbb-app\/wp\/v2\/tags?post=13686"}],"curies":[{"name":"wp","href":"https:\/\/api.w.org\/{rel}","templated":true}]}}