{"id":13716,"date":"2009-11-19T00:00:00","date_gmt":"2009-11-19T02:00:00","guid":{"rendered":"https:\/\/www.cnbb.org.br\/o-mundo-da-africa-no-mundo-da-biblia\/"},"modified":"2020-03-11T16:25:11","modified_gmt":"2020-03-11T19:25:11","slug":"o-mundo-da-africa-no-mundo-da-biblia","status":"publish","type":"post","link":"https:\/\/www.cnbb.org.br\/o-mundo-da-africa-no-mundo-da-biblia\/","title":{"rendered":"O mundo da \u00c1frica no mundo da b\u00edblia"},"content":{"rendered":"<p style=\"text-align: justify\">O Egito \u00e9 um pa\u00eds africano, terra do Nilo e das pir\u00e2mides, o mais antigo reino de que se tem registro e Israel, terra das origens da b\u00edblia,\u00a0 teve <!--more--> sempre um olhar atento a este poderoso vizinho.\u00a0 Portanto, \u00e9 poss\u00edvel dizermos que houve por muito tempo uma intensa comunica\u00e7\u00e3o entre Egito &#8211; \u00c1frica\u00a0 &#8211; e Israel.<\/p>\n<p style=\"text-align: justify\">Voc\u00ea se lembra que, por muito tempo, muitas na\u00e7\u00f5es crist\u00e3s, tamb\u00e9m, justificaram a escravid\u00e3o do povo africano se utilizando do texto b\u00edblico de G\u00eanesis 9, 18ss: \u201cOs filhos de No\u00e9, que sa\u00edram da arca, foram estes: Sem, Cam e Jaf\u00e9t; e Cam \u00e9 o pai de Cana\u00e3\u201d?(1)<\/p>\n<p style=\"text-align: justify\">\u201cFalando de maneira geral, os descendentes de Jafet (10,2-5) s\u00e3o todos os povos que podem ser chamados, num crit\u00e9rio lingu\u00edstico, indo-europeu, incluindo os da \u00c1sia Menor e das ilhas mediterr\u00e2neas. Os descendentes de Cam (10, 6-20) s\u00e3o os referidos como ra\u00e7as ham\u00edticas do Norte da \u00c1frica, incluindo o Egipto e a Eti\u00f3pia. Inclu\u00eda-se Cana\u00e3 entre estes porque nessa altura estava, pelo menos nominalmente, sob a lei eg\u00edpcia. Os descendentes de Sem (10, 21-31) s\u00e3o todos os povos semitas, com excep\u00e7\u00e3o dos cananeus. S\u00e3o eles os antepassados dos hebreus.\u201d(2)<\/p>\n<p style=\"text-align: justify\">A maldi\u00e7\u00e3o que recai sobre Cam, identificado como as na\u00e7\u00f5es dos povos africanos, os teria tornado inferiores justificando assim, a sua escravid\u00e3o.<\/p>\n<p style=\"text-align: justify\">Voc\u00ea se lembra que Mois\u00e9s foi iniciado em toda ci\u00eancia eg\u00edpcia- \u00c1frica-, e era poderoso em palavras e obras?(3)<\/p>\n<p style=\"text-align: justify\">Voc\u00ea se lembra que na \u00c1frica costumava-se associar certas ocupa\u00e7\u00f5es e of\u00edcios a cl\u00e3s e tribos particulares que neles se aperfei\u00e7oavam?<\/p>\n<p style=\"text-align: justify\">Encontramos na b\u00edblia muitas passagens como esta:<\/p>\n<p style=\"text-align: justify\">\u201cLamec teve duas mulheres: uma chamava-se\u00a0 Ada, e o nome da outra era Cila. Ada deu \u00e0 luz Jabal, que foi o pai de quantos habitavam em tendas e conduziam rebanhos. O nome do seu irm\u00e3o era Jubal, que foi pai de quantos tocam c\u00edtara e flauta. Por seu lado, Cila deu \u00e0 luz Tubal-Caim, pai daqueles que fabricavam todos os instrumentos de cobre e ferro.\u201d(4)<\/p>\n<p style=\"text-align: justify\">Voc\u00ea se lembra que o salmo 149, 3\u00a0 diz: \u201ccantem ao som de harpas e tambores!\u201d Ritmos e instrumentos n\u00e3o menos importantes que nos dias de hoje na \u00c1frica?<\/p>\n<p style=\"text-align: justify\">Voc\u00ea se lembra que Jesus, provavelmente viveu um tempo de sua inf\u00e2ncia na \u00c1frica?<\/p>\n<p style=\"text-align: justify\">\u201cDepois de partirem, o anjo do Senhor pareceu em sonhos a Jos\u00e9 e disse-lhe: levanta-te, toma o menino e sua m\u00e3e, foge para o Egito e fica l\u00e1 at\u00e9 que eu te avise, pois Herodes procurar\u00e1 o menino para matar\u201d(5).<\/p>\n<p style=\"text-align: justify\">Voc\u00ea se lembra que Sim\u00e3o Cirineu, que ajudou Jesus a carregar a cruz era uma africano, de Cirene (atualmente Tr\u00edpoli, no pa\u00eds da Lybia, \u00c1frica)? E que ele tinha dois filhos, Alexandre e Rufo, \u00edntimos de S\u00e3o Paulo? -\u201cSaudai este eleito do Senhor\u00a0 e sua m\u00e3e, que \u00e9 tamb\u00e9m minha\u201d(6)<\/p>\n<p style=\"text-align: justify\">Voc\u00ea se lembra que a \u00c1frica teve os primeiros crist\u00e3os j\u00e1 no primeiro s\u00e9culo, como nos conta o livro dos At 8, 26ss, quando narra o encontro de Felipe com um alto funcion\u00e1rio da rainha\u00a0 Candace da Eti\u00f3pia, o eunuco, que era algu\u00e9m que j\u00e1 sabia ler um texto como poucos, mentalmente?<\/p>\n<p style=\"text-align: justify\">Nas comemora\u00e7\u00f5es da Semana Nacional da Consci\u00eancia Negra, \u00e9 bom fazermos mem\u00f3rias de alguns destes fatos b\u00edblicos, para que n\u00e3o esque\u00e7amos que o livro mais importante para os crist\u00e3os possui em sua constru\u00e7\u00e3o muitos aspectos da cultura africana. Portanto, resgatar esses dados e se dar conta deles, nos ajuda a perceber que, a beleza e grandeza da humanidade est\u00e1 na sua capacidade de intercambiar experi\u00eancias culturais e antropol\u00f3gicas. Nosso querido Brasil \u00e9 formado por uma miscigena\u00e7\u00e3o de culturas. \u00c9 preciso, mais do que, identific\u00e1-las, reconhec\u00ea-las, para que possamos respeit\u00e1-las. Sem medo. Sem preconceito. Deixando que, as experi\u00eancias mais profundas de cada cultura sobre Deus, n\u00e3o sejam motiva\u00e7\u00f5es de guerras e separa\u00e7\u00f5es, como h\u00e1 muito temos visto, mas se complementando e nos integrando espiritualmente. Nesse sentido, a b\u00edblia \u00e9 um livro fant\u00e1stico, condensador dessas experi\u00eancias todas.<\/p>\n<p style=\"text-align: justify\">Pe Ivaldir Camaroti dos Reis<\/p>\n<p style=\"text-align: justify\">Assessor da Pastoral Afro<\/p>\n<p>[1] B\u00edblia Sagrada Africana, do livro de Gn 9,18<\/p>\n<p>2 Idem,, nota de roda-p\u00e9 do livro de Gn 10,1.<\/p>\n<p>3 Idem, do livro dos At 7, 22<\/p>\n<p>4 Idem, do livro de Gn 4, 19-22<\/p>\n<p>5 Idem, do livro de Mt 2, 13<\/p>\n<p>6 B\u00edblia de Jerusal\u00e9m, do livro de Romanos 16, 13.<\/p>\n","protected":false},"excerpt":{"rendered":"<p>O Egito \u00e9 um pa\u00eds africano, terra do Nilo e das pir\u00e2mides, o mais antigo reino de que se tem registro e Israel, terra das origens da b\u00edblia,\u00a0 teve<\/p>\n","protected":false},"author":83,"featured_media":0,"comment_status":"open","ping_status":"open","sticky":false,"template":"","format":"standard","meta":{"site-sidebar-layout":"default","site-content-layout":"default","ast-global-header-display":"","ast-banner-title-visibility":"","ast-main-header-display":"","ast-hfb-above-header-display":"","ast-hfb-below-header-display":"","ast-hfb-mobile-header-display":"","site-post-title":"","ast-breadcrumbs-content":"","ast-featured-img":"","footer-sml-layout":"","theme-transparent-header-meta":"","adv-header-id-meta":"","stick-header-meta":"","header-above-stick-meta":"","header-main-stick-meta":"","header-below-stick-meta":""},"categories":[800],"tags":[],"acf":[],"_links":{"self":[{"href":"https:\/\/www.cnbb.org.br\/cnbb-app\/wp\/v2\/posts\/13716"}],"collection":[{"href":"https:\/\/www.cnbb.org.br\/cnbb-app\/wp\/v2\/posts"}],"about":[{"href":"https:\/\/www.cnbb.org.br\/cnbb-app\/wp\/v2\/types\/post"}],"author":[{"embeddable":true,"href":"https:\/\/www.cnbb.org.br\/cnbb-app\/wp\/v2\/users\/83"}],"replies":[{"embeddable":true,"href":"https:\/\/www.cnbb.org.br\/cnbb-app\/wp\/v2\/comments?post=13716"}],"version-history":[{"count":0,"href":"https:\/\/www.cnbb.org.br\/cnbb-app\/wp\/v2\/posts\/13716\/revisions"}],"wp:attachment":[{"href":"https:\/\/www.cnbb.org.br\/cnbb-app\/wp\/v2\/media?parent=13716"}],"wp:term":[{"taxonomy":"category","embeddable":true,"href":"https:\/\/www.cnbb.org.br\/cnbb-app\/wp\/v2\/categories?post=13716"},{"taxonomy":"post_tag","embeddable":true,"href":"https:\/\/www.cnbb.org.br\/cnbb-app\/wp\/v2\/tags?post=13716"}],"curies":[{"name":"wp","href":"https:\/\/api.w.org\/{rel}","templated":true}]}}