{"id":13717,"date":"2008-12-04T00:00:00","date_gmt":"2008-12-04T02:00:00","guid":{"rendered":"https:\/\/www.cnbb.org.br\/celebrar-e-crescer-na-fe-e-o-novo-titulo-da-colecao-catequese-a-luz-do-diretorio-nacional-de-catequese\/"},"modified":"2020-03-11T16:25:31","modified_gmt":"2020-03-11T19:25:31","slug":"celebrar-e-crescer-na-fe-e-o-novo-titulo-da-colecao-catequese-a-luz-do-diretorio-nacional-de-catequese","status":"publish","type":"post","link":"https:\/\/www.cnbb.org.br\/celebrar-e-crescer-na-fe-e-o-novo-titulo-da-colecao-catequese-a-luz-do-diretorio-nacional-de-catequese\/","title":{"rendered":"\u201cCelebrar e crescer na f\u00e9\u201d \u00e9 o novo t\u00edtulo da cole\u00e7\u00e3o Catequese \u00e0 luz do Diret\u00f3rio Nacional de Catequese"},"content":{"rendered":"<p style=\"text-align: justify\">Foi lan\u00e7ado hoje pelas Edi\u00e7\u00f5es \u2013 CNBB o terceiro caderno da Cole\u00e7\u00e3o \u201cCatequese \u00e0 luz do Caderno de Catequese n\u00ba 3Diret\u00f3rio Nacional de Catequese\u201d. O livro que tem por t\u00edtulo \u201cCelebrar e crescer na f\u00e9 \u2013 Catequese e Liturgia\u201d \u00e9 mais uma publica\u00e7\u00e3o da Comiss\u00e3o Episcopal Pastoral para a Anima\u00e7\u00e3o B\u00edblico Catequ\u00e9tica.<\/p>\n<p style=\"text-align: justify\">De acordo com a assessora da Comiss\u00e3o, irm\u00e3 Z\u00e9lia Maria Batista, o terceiro caderno reflete a dimens\u00e3o lit\u00fargica da catequese, conforme afirma o Diret\u00f3rio Nacional de Catequese: \u201cA liturgia \u00e9 fonte inesgot\u00e1vel de catequese e lugar privilegiado da f\u00e9&#8221;, diz o texto. &#8220;Porque re\u00fane e integra \u00e0<\/p>\n<p><!--more--><\/p>\n<p style=\"text-align: justify\">centralidade do mist\u00e9rio pascal a vida na\u00a0 sua plenitude, na qual a experi\u00eancia pascal \u00e9 vivida no cotidiano de uma forma humano-divina\u201d, explica a assessora.<\/p>\n<p style=\"text-align: justify\">O caderno tem 46 p\u00e1ginas e aborda assuntos catequ\u00e9ticos em linguagem acess\u00edvel e dinamizada por uma s\u00e9rie de ilustra\u00e7\u00f5es e gr\u00e1ficos para melhor entendimento do leitor. O material foi desenvolvido para a forma\u00e7\u00e3o constante do catequista. O primeiro volume abordou o tema \u201cComo ler o Diret\u00f3rio Nacional de Catequese. J\u00e1 o segundo abordou o \u201cMinist\u00e9rio Eclesial\u201d. Para os pr\u00f3ximos tr\u00eas anos est\u00e3o previstos mais tr\u00eas cadernos da cole\u00e7\u00e3o, com as seguintes tem\u00e1ticas: Catecumenato, Catequese e B\u00edblia e Catequese e Espiritualidade.<\/p>\n<p style=\"text-align: justify\">O caderno pode ser adquirido nas Edi\u00e7\u00f5es-CNBB que est\u00e1 localizada em Bras\u00edlia-DF, no Setor de Embaixadas Sul, Q. 801, Conj. B &#8211; Parte.\u00a0 Tamb\u00e9m no telefone (61) 2103-8383 ou pelo e-mail vendas@edicoescnbb.com.br ou pelo site www.edicoescnbb.com.br<\/p>\n","protected":false},"excerpt":{"rendered":"<p>Foi lan\u00e7ado hoje pelas Edi\u00e7\u00f5es \u2013 CNBB o terceiro caderno da Cole\u00e7\u00e3o \u201cCatequese \u00e0 luz do Caderno de Catequese n\u00ba 3Diret\u00f3rio Nacional de Catequese\u201d. O livro que tem por t\u00edtulo \u201cCelebrar e crescer na f\u00e9 \u2013 Catequese e Liturgia\u201d \u00e9 mais uma publica\u00e7\u00e3o da Comiss\u00e3o Episcopal Pastoral para a Anima\u00e7\u00e3o B\u00edblico Catequ\u00e9tica. De acordo com &hellip;<\/p>\n<p class=\"read-more\"> <a class=\"\" href=\"https:\/\/www.cnbb.org.br\/celebrar-e-crescer-na-fe-e-o-novo-titulo-da-colecao-catequese-a-luz-do-diretorio-nacional-de-catequese\/\"> <span class=\"screen-reader-text\">\u201cCelebrar e crescer na f\u00e9\u201d \u00e9 o novo t\u00edtulo da cole\u00e7\u00e3o Catequese \u00e0 luz do Diret\u00f3rio Nacional de Catequese<\/span> Leia mais &raquo;<\/a><\/p>\n","protected":false},"author":83,"featured_media":13718,"comment_status":"open","ping_status":"open","sticky":false,"template":"","format":"standard","meta":{"site-sidebar-layout":"default","site-content-layout":"default","ast-global-header-display":"","ast-banner-title-visibility":"","ast-main-header-display":"","ast-hfb-above-header-display":"","ast-hfb-below-header-display":"","ast-hfb-mobile-header-display":"","site-post-title":"","ast-breadcrumbs-content":"","ast-featured-img":"","footer-sml-layout":"","theme-transparent-header-meta":"","adv-header-id-meta":"","stick-header-meta":"","header-above-stick-meta":"","header-main-stick-meta":"","header-below-stick-meta":""},"categories":[800],"tags":[],"acf":[],"_links":{"self":[{"href":"https:\/\/www.cnbb.org.br\/cnbb-app\/wp\/v2\/posts\/13717"}],"collection":[{"href":"https:\/\/www.cnbb.org.br\/cnbb-app\/wp\/v2\/posts"}],"about":[{"href":"https:\/\/www.cnbb.org.br\/cnbb-app\/wp\/v2\/types\/post"}],"author":[{"embeddable":true,"href":"https:\/\/www.cnbb.org.br\/cnbb-app\/wp\/v2\/users\/83"}],"replies":[{"embeddable":true,"href":"https:\/\/www.cnbb.org.br\/cnbb-app\/wp\/v2\/comments?post=13717"}],"version-history":[{"count":0,"href":"https:\/\/www.cnbb.org.br\/cnbb-app\/wp\/v2\/posts\/13717\/revisions"}],"wp:featuredmedia":[{"embeddable":true,"href":"https:\/\/www.cnbb.org.br\/cnbb-app\/wp\/v2\/media\/13718"}],"wp:attachment":[{"href":"https:\/\/www.cnbb.org.br\/cnbb-app\/wp\/v2\/media?parent=13717"}],"wp:term":[{"taxonomy":"category","embeddable":true,"href":"https:\/\/www.cnbb.org.br\/cnbb-app\/wp\/v2\/categories?post=13717"},{"taxonomy":"post_tag","embeddable":true,"href":"https:\/\/www.cnbb.org.br\/cnbb-app\/wp\/v2\/tags?post=13717"}],"curies":[{"name":"wp","href":"https:\/\/api.w.org\/{rel}","templated":true}]}}