{"id":13761,"date":"2009-04-03T00:00:00","date_gmt":"2009-04-03T03:00:00","guid":{"rendered":"https:\/\/www.cnbb.org.br\/abertura-do-ano-catequetico\/"},"modified":"2020-03-11T16:25:24","modified_gmt":"2020-03-11T19:25:24","slug":"abertura-do-ano-catequetico","status":"publish","type":"post","link":"https:\/\/www.cnbb.org.br\/abertura-do-ano-catequetico\/","title":{"rendered":"Abertura do Ano Catequ\u00e9tico"},"content":{"rendered":"<p style=\"text-align: justify\">A caminho da 3\u00aa Semana Brasileira de Catequese\u00a0 acontecer\u00e1 no dia 19 de abril (2\u00b0 domingo de p\u00e1scoa) a abertura oficial do Ano Catequ\u00e9tico, nas par\u00f3quias, nas dioceses e\u00a0 nas arquidioceses dos 17 regionais da Igreja do Brasil.<\/p>\n<p><!--more--><\/p>\n<p>Este dia ser\u00e1 marcado por celebra\u00e7\u00f5es eucar\u00edsticas e celebra\u00e7\u00f5es da Palavra, ao redor do p\u00e3o da palavra e da eucaristia mais de 800 mil catequistas estar\u00e3o reunidos para celebrar o mist\u00e9rio pascal, a presen\u00e7a do Ressuscitado.<\/p>\n<div style=\"text-align: justify\">Para que o evento tenha visibilidade em n\u00edvel nacional atrav\u00e9s da cobertura pela m\u00eddia cat\u00f3lica, a comiss\u00e3o para anima\u00e7\u00e3o b\u00edblico-catequ\u00e9tica priorizou a Celebra\u00e7\u00e3o Eucar\u00edstica que ocorrer\u00e1 na Catedral da S\u00e9, SP, \u00e0s 11 h00.\u00a0\u00a0 Neste dia tamb\u00e9m haver\u00e1 a peregrina\u00e7\u00e3o da Catequese e ser\u00e1 entregue, simbolicamente, uma \u201cchama\u201d\u00a0 que percorrer\u00e1 as Regi\u00f5es da Arquidiocese de S\u00e3o Paulo.<\/div>\n<h4 style=\"text-align: justify\"><a href=\"http:\/\/cnbbjoomla.sitesparresia.com\/wp-content\/uploads\/sites\/85\/2009\/04\/files_49d66b2864119.pdf\" target=\"_blank\" rel=\"noopener\">Maiores informa\u00e7\u00f5es sobre a programa\u00e7\u00e3o voc\u00ea encontrar\u00e1 no folder.<\/a><\/h4>\n","protected":false},"excerpt":{"rendered":"<p>A caminho da 3\u00aa Semana Brasileira de Catequese\u00a0 acontecer\u00e1 no dia 19 de abril (2\u00b0 domingo de p\u00e1scoa) a abertura oficial do Ano Catequ\u00e9tico, nas par\u00f3quias, nas dioceses e\u00a0 nas arquidioceses dos 17 regionais da Igreja do Brasil.<\/p>\n","protected":false},"author":83,"featured_media":13762,"comment_status":"open","ping_status":"open","sticky":false,"template":"","format":"standard","meta":{"site-sidebar-layout":"default","site-content-layout":"default","ast-global-header-display":"","ast-banner-title-visibility":"","ast-main-header-display":"","ast-hfb-above-header-display":"","ast-hfb-below-header-display":"","ast-hfb-mobile-header-display":"","site-post-title":"","ast-breadcrumbs-content":"","ast-featured-img":"","footer-sml-layout":"","theme-transparent-header-meta":"","adv-header-id-meta":"","stick-header-meta":"","header-above-stick-meta":"","header-main-stick-meta":"","header-below-stick-meta":""},"categories":[800],"tags":[],"acf":[],"_links":{"self":[{"href":"https:\/\/www.cnbb.org.br\/cnbb-app\/wp\/v2\/posts\/13761"}],"collection":[{"href":"https:\/\/www.cnbb.org.br\/cnbb-app\/wp\/v2\/posts"}],"about":[{"href":"https:\/\/www.cnbb.org.br\/cnbb-app\/wp\/v2\/types\/post"}],"author":[{"embeddable":true,"href":"https:\/\/www.cnbb.org.br\/cnbb-app\/wp\/v2\/users\/83"}],"replies":[{"embeddable":true,"href":"https:\/\/www.cnbb.org.br\/cnbb-app\/wp\/v2\/comments?post=13761"}],"version-history":[{"count":0,"href":"https:\/\/www.cnbb.org.br\/cnbb-app\/wp\/v2\/posts\/13761\/revisions"}],"wp:featuredmedia":[{"embeddable":true,"href":"https:\/\/www.cnbb.org.br\/cnbb-app\/wp\/v2\/media\/13762"}],"wp:attachment":[{"href":"https:\/\/www.cnbb.org.br\/cnbb-app\/wp\/v2\/media?parent=13761"}],"wp:term":[{"taxonomy":"category","embeddable":true,"href":"https:\/\/www.cnbb.org.br\/cnbb-app\/wp\/v2\/categories?post=13761"},{"taxonomy":"post_tag","embeddable":true,"href":"https:\/\/www.cnbb.org.br\/cnbb-app\/wp\/v2\/tags?post=13761"}],"curies":[{"name":"wp","href":"https:\/\/api.w.org\/{rel}","templated":true}]}}