{"id":13768,"date":"2008-09-30T00:00:00","date_gmt":"2008-09-30T03:00:00","guid":{"rendered":"https:\/\/www.cnbb.org.br\/seminario-de-catequese-reflete-sobre-iniciacao-crista\/"},"modified":"2020-03-11T16:25:35","modified_gmt":"2020-03-11T19:25:35","slug":"seminario-de-catequese-reflete-sobre-iniciacao-crista","status":"publish","type":"post","link":"https:\/\/www.cnbb.org.br\/seminario-de-catequese-reflete-sobre-iniciacao-crista\/","title":{"rendered":"Semin\u00e1rio de Catequese reflete sobre \u201cInicia\u00e7\u00e3o Crist\u00e3\u201d"},"content":{"rendered":"<p style=\"text-align: justify\">Domingo, 28, mais de 800 catequistas participaram do 3\u00ba Semin\u00e1rio Arquidiocesano de Semin\u00e1rio de Cateque em CuritibaCatequese que aconteceu em Curitiba (PR). Segundo os organizadores, o encontro j\u00e1 \u00e9 tradi\u00e7\u00e3o na arquidiocese e faz parte de uma s\u00e9rie de encontros do mesmo porte, que s\u00e3o motivados pela publica\u00e7\u00e3o do Diret\u00f3rio Nacional de Catequese em 2006.<\/p>\n<p><!--more--><\/p>\n<p style=\"text-align: justify\">O escritor e presidente da Sociedade de Catequetas Latino-Americanos (SCALA) irm\u00e3o Israel Nery, participou do evento. \u201cO assessor nos ajudou a refletir sobre \u2018Inicia\u00e7\u00e3o Crist\u00e3\u2019 e inspira\u00e7\u00e3o catecumenal, fornecendo-nos pistas para que a catequese seja revestida de caracter\u00edsticas catecumenais\u201d, lembram os participantes.<\/p>\n<p style=\"text-align: justify\">Durante o encontro, o assessor afirmou que a catequese n\u00e3o deve ser semelhante a aulas. \u201cA catequese n\u00e3o deve ser uma aula de religi\u00e3o, mas uma a\u00e7\u00e3o que atinge a emo\u00e7\u00e3o, a a\u00e7\u00e3o e a raz\u00e3o\u201d, comentou.<\/p>\n<p style=\"text-align: justify\">Outro acontecimento de destaque no semin\u00e1rio foi a organiza\u00e7\u00e3o da feira catequ\u00e9tica, organizada pelos setores da arquidiocese. Os catequistas organizaram 17 estandes, nos quais demonstraram os valores dos seus setores e import\u00e2ncia de trabalhar temas importantes para a atividade catequ\u00e9tica.<\/p>\n<p style=\"text-align: justify\">O arcebispo de Curitiba (PR) dom Moacyr Jos\u00e9 Vitti, presidiu a missa de encerramento do semin\u00e1rio, que reuniu tamb\u00e9m membros do minist\u00e9rio jovem da Renova\u00e7\u00e3o Carism\u00e1tica Cat\u00f3lica (RCC) e das Pastorais da Juventude do Brasil (PJB).<\/p>\n","protected":false},"excerpt":{"rendered":"<p>Domingo, 28, mais de 800 catequistas participaram do 3\u00ba Semin\u00e1rio Arquidiocesano de Semin\u00e1rio de Cateque em CuritibaCatequese que aconteceu em Curitiba (PR). Segundo os organizadores, o encontro j\u00e1 \u00e9 tradi\u00e7\u00e3o na arquidiocese e faz parte de uma s\u00e9rie de encontros do mesmo porte, que s\u00e3o motivados pela publica\u00e7\u00e3o do Diret\u00f3rio Nacional de Catequese em 2006.<\/p>\n","protected":false},"author":83,"featured_media":13769,"comment_status":"open","ping_status":"open","sticky":false,"template":"","format":"standard","meta":{"site-sidebar-layout":"default","site-content-layout":"default","ast-global-header-display":"","ast-banner-title-visibility":"","ast-main-header-display":"","ast-hfb-above-header-display":"","ast-hfb-below-header-display":"","ast-hfb-mobile-header-display":"","site-post-title":"","ast-breadcrumbs-content":"","ast-featured-img":"","footer-sml-layout":"","theme-transparent-header-meta":"","adv-header-id-meta":"","stick-header-meta":"","header-above-stick-meta":"","header-main-stick-meta":"","header-below-stick-meta":""},"categories":[800],"tags":[],"acf":[],"_links":{"self":[{"href":"https:\/\/www.cnbb.org.br\/cnbb-app\/wp\/v2\/posts\/13768"}],"collection":[{"href":"https:\/\/www.cnbb.org.br\/cnbb-app\/wp\/v2\/posts"}],"about":[{"href":"https:\/\/www.cnbb.org.br\/cnbb-app\/wp\/v2\/types\/post"}],"author":[{"embeddable":true,"href":"https:\/\/www.cnbb.org.br\/cnbb-app\/wp\/v2\/users\/83"}],"replies":[{"embeddable":true,"href":"https:\/\/www.cnbb.org.br\/cnbb-app\/wp\/v2\/comments?post=13768"}],"version-history":[{"count":0,"href":"https:\/\/www.cnbb.org.br\/cnbb-app\/wp\/v2\/posts\/13768\/revisions"}],"wp:featuredmedia":[{"embeddable":true,"href":"https:\/\/www.cnbb.org.br\/cnbb-app\/wp\/v2\/media\/13769"}],"wp:attachment":[{"href":"https:\/\/www.cnbb.org.br\/cnbb-app\/wp\/v2\/media?parent=13768"}],"wp:term":[{"taxonomy":"category","embeddable":true,"href":"https:\/\/www.cnbb.org.br\/cnbb-app\/wp\/v2\/categories?post=13768"},{"taxonomy":"post_tag","embeddable":true,"href":"https:\/\/www.cnbb.org.br\/cnbb-app\/wp\/v2\/tags?post=13768"}],"curies":[{"name":"wp","href":"https:\/\/api.w.org\/{rel}","templated":true}]}}