{"id":13790,"date":"2009-03-27T00:00:00","date_gmt":"2009-03-27T03:00:00","guid":{"rendered":"https:\/\/www.cnbb.org.br\/ano-catequetico\/"},"modified":"2020-03-11T16:25:24","modified_gmt":"2020-03-11T19:25:24","slug":"ano-catequetico","status":"publish","type":"post","link":"https:\/\/www.cnbb.org.br\/ano-catequetico\/","title":{"rendered":"Ano Catequ\u00e9tico"},"content":{"rendered":"<p style=\"text-align: justify\">O GRECAT, Grupo de Reflex\u00e3o Catequ\u00e9tica est\u00e1 reunido nas Pontif\u00edcias Obras Mission\u00e1rias, em Bras\u00edlia, para discutir assuntos relevantes \u00e0 anima\u00e7\u00e3o catequ\u00e9tica e para a cria\u00e7\u00e3o do texto base de inicia\u00e7\u00e3o crist\u00e3.<\/p>\n<p><!--more--><\/p>\n<p style=\"text-align: justify\">O texto a ser elaborado ser\u00e1 editado pela CNBB, e entrar\u00e1 na cole\u00e7\u00e3o do diret\u00f3rio nacional de catequese.<\/p>\n<p style=\"text-align: justify\">Ser\u00e1 discutido tamb\u00e9m assuntos relacionados \u00e0 3\u00aa Semana Nacional de Catequese, que ocorrer\u00e1 em Itaic\u00ed, S\u00e3o Paulo, nos dias 6 a 11 de outubro desse ano. No encontro haver\u00e1 palestras com o cardeal dom Cl\u00e1udio Hummes, com frei Carlos Mesters e com o biblista Francisco Ourofino.<\/p>\n<h4 style=\"text-align: justify\">19 de abril<\/h4>\n<p style=\"text-align: justify\">Outro assunto discutido foi sobre a abertura do ano catequ\u00e9tico, no dia 19 de abril, com celebra\u00e7\u00f5es especiais em todas as par\u00f3quias do Brasil. Neste dia, \u00e0s 11h a Catedral da S\u00e9, em S\u00e3o Paulo, ser\u00e1 palco de uma missa especial em comemora\u00e7\u00e3o ao ano catequ\u00e9tico.<\/p>\n<h4 style=\"text-align: justify\">O que \u00e9 o GRECAT?<\/h4>\n<p style=\"text-align: justify\">A fim de ajudar na operacionaliza\u00e7\u00e3o do documento Catequese Renovada, o GRECAT foi criado em 1984. Acompanha a reflex\u00e3o e sistematiza\u00e7\u00e3o da catequese. \u00c9 respons\u00e1vel pela produ\u00e7\u00e3o de textos, animando a caminhada catequ\u00e9tica. \u00c9 formado por catequetas: religiosas\/os, leigas\/os e presb\u00edteros, que se re\u00fanem duas vezes ao ano.<\/p>\n","protected":false},"excerpt":{"rendered":"<p>O GRECAT, Grupo de Reflex\u00e3o Catequ\u00e9tica est\u00e1 reunido nas Pontif\u00edcias Obras Mission\u00e1rias, em Bras\u00edlia, para discutir assuntos relevantes \u00e0 anima\u00e7\u00e3o catequ\u00e9tica e para a cria\u00e7\u00e3o do texto base de inicia\u00e7\u00e3o crist\u00e3.<\/p>\n","protected":false},"author":83,"featured_media":13791,"comment_status":"open","ping_status":"open","sticky":false,"template":"","format":"standard","meta":{"site-sidebar-layout":"default","site-content-layout":"default","ast-global-header-display":"","ast-banner-title-visibility":"","ast-main-header-display":"","ast-hfb-above-header-display":"","ast-hfb-below-header-display":"","ast-hfb-mobile-header-display":"","site-post-title":"","ast-breadcrumbs-content":"","ast-featured-img":"","footer-sml-layout":"","theme-transparent-header-meta":"","adv-header-id-meta":"","stick-header-meta":"","header-above-stick-meta":"","header-main-stick-meta":"","header-below-stick-meta":""},"categories":[800],"tags":[],"acf":[],"_links":{"self":[{"href":"https:\/\/www.cnbb.org.br\/cnbb-app\/wp\/v2\/posts\/13790"}],"collection":[{"href":"https:\/\/www.cnbb.org.br\/cnbb-app\/wp\/v2\/posts"}],"about":[{"href":"https:\/\/www.cnbb.org.br\/cnbb-app\/wp\/v2\/types\/post"}],"author":[{"embeddable":true,"href":"https:\/\/www.cnbb.org.br\/cnbb-app\/wp\/v2\/users\/83"}],"replies":[{"embeddable":true,"href":"https:\/\/www.cnbb.org.br\/cnbb-app\/wp\/v2\/comments?post=13790"}],"version-history":[{"count":0,"href":"https:\/\/www.cnbb.org.br\/cnbb-app\/wp\/v2\/posts\/13790\/revisions"}],"wp:featuredmedia":[{"embeddable":true,"href":"https:\/\/www.cnbb.org.br\/cnbb-app\/wp\/v2\/media\/13791"}],"wp:attachment":[{"href":"https:\/\/www.cnbb.org.br\/cnbb-app\/wp\/v2\/media?parent=13790"}],"wp:term":[{"taxonomy":"category","embeddable":true,"href":"https:\/\/www.cnbb.org.br\/cnbb-app\/wp\/v2\/categories?post=13790"},{"taxonomy":"post_tag","embeddable":true,"href":"https:\/\/www.cnbb.org.br\/cnbb-app\/wp\/v2\/tags?post=13790"}],"curies":[{"name":"wp","href":"https:\/\/api.w.org\/{rel}","templated":true}]}}