{"id":13819,"date":"2009-10-07T00:00:00","date_gmt":"2009-10-07T03:00:00","guid":{"rendered":"https:\/\/www.cnbb.org.br\/papa-envia-mensagem-aos-participantes-da-3a-semana-brasileira-de-catequese\/"},"modified":"2020-03-11T16:25:15","modified_gmt":"2020-03-11T19:25:15","slug":"papa-envia-mensagem-aos-participantes-da-3a-semana-brasileira-de-catequese","status":"publish","type":"post","link":"https:\/\/www.cnbb.org.br\/papa-envia-mensagem-aos-participantes-da-3a-semana-brasileira-de-catequese\/","title":{"rendered":"Papa envia mensagem aos participantes da 3a. Semana Brasileira de Catequese"},"content":{"rendered":"<p style=\"text-align: justify\">O papa Bento XVI enviou, atrav\u00e9s do secret\u00e1rio de Estado do Vaticano, cardeal Tarc\u00edsio Bertone, uma carta ao presidente da CNBB, dom Geraldo Lyrio Rocha, saudando os catequistas que participam da 3\u00aa Semana de Catequese, aberta nesta ter\u00e7a-feira, 6, em Itaici (SP). Na mensagem, o cardeal disse que o pont\u00edfice \u201cinvoca abundantes luzes do Alto [sobre os catequistas] para assumirem mais plenamente seu compromisso batismal de ser aut\u00eanticos disc\u00edpulos e mission\u00e1rios de Jesus\u201d.<\/p>\n<p><!--more--><\/p>\n<div style=\"text-align: justify\">\u201cSua Santidade o Papa Bento XVI eleva fervorosas preces ao Senhor para que torne fecundos os trabalhos desses dias e concede, com particular afeto, a todos os participantes a b\u00ean\u00e7\u00e3o apost\u00f3lica\u201d, escreve o cardeal.<\/div>\n<h4 style=\"text-align: justify\"><a href=\"http:\/\/cnbbjoomla.sitesparresia.com\/wp-content\/uploads\/sites\/85\/2009\/10\/files_4acc064e0ebf2.doc\" target=\"_blank\" rel=\"noopener\">Clique aqui para ler a \u00edntegra da carta do cardeal<\/a><\/h4>\n<p style=\"text-align: justify\"><em>Fotos: Pe. Altevir, CSSp<\/em><\/p>\n","protected":false},"excerpt":{"rendered":"<p>O papa Bento XVI enviou, atrav\u00e9s do secret\u00e1rio de Estado do Vaticano, cardeal Tarc\u00edsio Bertone, uma carta ao presidente da CNBB, dom Geraldo Lyrio Rocha, saudando os catequistas que participam da 3\u00aa Semana de Catequese, aberta nesta ter\u00e7a-feira, 6, em Itaici (SP). Na mensagem, o cardeal disse que o pont\u00edfice \u201cinvoca abundantes luzes do Alto &hellip;<\/p>\n<p class=\"read-more\"> <a class=\"\" href=\"https:\/\/www.cnbb.org.br\/papa-envia-mensagem-aos-participantes-da-3a-semana-brasileira-de-catequese\/\"> <span class=\"screen-reader-text\">Papa envia mensagem aos participantes da 3a. Semana Brasileira de Catequese<\/span> Leia mais &raquo;<\/a><\/p>\n","protected":false},"author":83,"featured_media":13820,"comment_status":"open","ping_status":"open","sticky":false,"template":"","format":"standard","meta":{"site-sidebar-layout":"default","site-content-layout":"default","ast-global-header-display":"","ast-banner-title-visibility":"","ast-main-header-display":"","ast-hfb-above-header-display":"","ast-hfb-below-header-display":"","ast-hfb-mobile-header-display":"","site-post-title":"","ast-breadcrumbs-content":"","ast-featured-img":"","footer-sml-layout":"","theme-transparent-header-meta":"","adv-header-id-meta":"","stick-header-meta":"","header-above-stick-meta":"","header-main-stick-meta":"","header-below-stick-meta":""},"categories":[800],"tags":[],"acf":[],"_links":{"self":[{"href":"https:\/\/www.cnbb.org.br\/cnbb-app\/wp\/v2\/posts\/13819"}],"collection":[{"href":"https:\/\/www.cnbb.org.br\/cnbb-app\/wp\/v2\/posts"}],"about":[{"href":"https:\/\/www.cnbb.org.br\/cnbb-app\/wp\/v2\/types\/post"}],"author":[{"embeddable":true,"href":"https:\/\/www.cnbb.org.br\/cnbb-app\/wp\/v2\/users\/83"}],"replies":[{"embeddable":true,"href":"https:\/\/www.cnbb.org.br\/cnbb-app\/wp\/v2\/comments?post=13819"}],"version-history":[{"count":0,"href":"https:\/\/www.cnbb.org.br\/cnbb-app\/wp\/v2\/posts\/13819\/revisions"}],"wp:featuredmedia":[{"embeddable":true,"href":"https:\/\/www.cnbb.org.br\/cnbb-app\/wp\/v2\/media\/13820"}],"wp:attachment":[{"href":"https:\/\/www.cnbb.org.br\/cnbb-app\/wp\/v2\/media?parent=13819"}],"wp:term":[{"taxonomy":"category","embeddable":true,"href":"https:\/\/www.cnbb.org.br\/cnbb-app\/wp\/v2\/categories?post=13819"},{"taxonomy":"post_tag","embeddable":true,"href":"https:\/\/www.cnbb.org.br\/cnbb-app\/wp\/v2\/tags?post=13819"}],"curies":[{"name":"wp","href":"https:\/\/api.w.org\/{rel}","templated":true}]}}