{"id":13851,"date":"2008-01-01T00:00:00","date_gmt":"2008-01-01T02:00:00","guid":{"rendered":"https:\/\/www.cnbb.org.br\/quem-somos-animacao-biblico-catequetica\/"},"modified":"2020-03-11T16:25:38","modified_gmt":"2020-03-11T19:25:38","slug":"quem-somos-animacao-biblico-catequetica","status":"publish","type":"post","link":"https:\/\/www.cnbb.org.br\/quem-somos-animacao-biblico-catequetica\/","title":{"rendered":"Quem Somos: Anima\u00e7\u00e3o B\u00edblico-Catequ\u00e9tica"},"content":{"rendered":"<p style=\"text-align: justify\">A Comiss\u00e3o para a Anima\u00e7\u00e3o B\u00edblico-Catequ\u00e9tica \u00e9 um servi\u00e7o essencial \u00e0 evangeliza\u00e7\u00e3o inculturada da Igreja no Brasil. Na sua origem, dentro do esp\u00edrito do plano de Pastoral de Conjunto, promovendo a a\u00e7\u00e3o catequ\u00e9tica, o aprofundamento doutrinal e a reflex\u00e3o teol\u00f3gica. Ela prop\u00f5e um caminho de forma\u00e7\u00e3o sistem\u00e1tica e progressiva da f\u00e9, para que as pessoas, acolhendo a palavra anunciada, vivam uma experi\u00eancia pessoal e comunit\u00e1ria no Deus de Jesus Cristo e celebrem o Mist\u00e9rio da Reden\u00e7\u00e3o no servi\u00e7o aos irm\u00e3os.<\/p>\n<p><!--more--><\/p>\n<p style=\"text-align: justify\">A palavra Catequese se origina do verbo grego katechein, que siginifica ensinar, educar. Catequese \u00e9 uma palavra composta de &#8220;kata&#8221; = contra e &#8220;\u00e9ch\u00e9sis&#8221; = ru\u00eddo; sendo a &#8220;kcat\u00e9ch\u00e9sis&#8221; a a\u00e7\u00e3o de proclamar, de anunciar. Catequese \u00e9 a a\u00e7\u00e3o de educar e de instruir os crentes depois da sua convers\u00e3o; primeira fun\u00e7\u00e3o da Igreja, depois do an\u00fancio da f\u00e9.<\/p>\n<p style=\"text-align: justify\">O Diret\u00f3rio Geral para a Catequese diz: A a\u00e7\u00e3o evangelizadora da Igreja se organiza em tr\u00eas etapas essenciais: a a\u00e7\u00e3o mission\u00e1ria que faz o primeiro an\u00fancio; a a\u00e7\u00e3o catequ\u00e9tica que realiza a inicia\u00e7\u00e3o e o aprofundamento da f\u00e9; e a a\u00e7\u00e3o pastoral que cultiva a f\u00e9 dos crist\u00e3os j\u00e1 mais amadurecidos na f\u00e9 e que querem fazer uma caminhada como Igreja, no seio da comunidade crist\u00e3 ( DGC, n\u00ba 49).<\/p>\n<p style=\"text-align: justify\">Desenvolve-se dentro de um processo participativo com as coordena\u00e7\u00f5es regionais, tendo presente as Diretrizes Gerais da A\u00e7\u00e3o Evangelizadora da Igreja no Brasil, o Diret\u00f3rio Catequ\u00e9tico Geral, o Catecismo da Igreja Cat\u00f3lica, as orienta\u00e7\u00f5es dos Encontros Nacionais de Catequese e o Diret\u00f3rio Nacional de Catequese na fase final de elabora\u00e7\u00e3o.<\/p>\n<p style=\"text-align: justify\">Em comunh\u00e3o com as equipes regionais e com as Escolas de forma\u00e7\u00e3o catequ\u00e9tica, quer oferecer aos catequistas, conte\u00fados e momentos de forma\u00e7\u00e3o, para que estes se tornem agentes construtores de comunidades crist\u00e3s, sinais da presen\u00e7a do Reino de Deus no mundo.<\/p>\n<h4 style=\"text-align: justify\">Objetivos<\/h4>\n<div style=\"text-align: justify\">\n<ul>\n<li>A Comiss\u00e3o para a Anima\u00e7\u00e3o B\u00edblico-Catequ\u00e9tica tem como objetivos:<\/li>\n<li>Oferecer um itiner\u00e1rio de inicia\u00e7\u00e3o e forma\u00e7\u00e3o permanente, sistem\u00e1tica e progressiva na f\u00e9, na esperan\u00e7a e na caridade, introduzindo a pessoa na vida da comunidade, na celebra\u00e7\u00e3o e viv\u00eancia dos mist\u00e9rios da f\u00e9 crist\u00e3, no seguimento a Jesus Cristo, com suas implica\u00e7\u00f5es na maneira de conviver e no compromisso com a transforma\u00e7\u00e3o da realidade.<\/li>\n<li>Valorizar a Palavra de Deus na B\u00edblia como Fonte de viv\u00eancia comunit\u00e1ria e da miss\u00e3o da Igreja e de cada crist\u00e3o.<\/li>\n<li>Chamar toda a Igreja a fazer-se permanente ouvinte da Palavra de Deus, assimilando-a e confrontando-a com a vida.<\/li>\n<\/ul>\n<\/div>\n<h4 style=\"text-align: justify\">Metas da Comiss\u00e3o para a Anima\u00e7\u00e3o B\u00edblico-Catequ\u00e9tica<\/h4>\n<p style=\"text-align: justify\">No desempenho de sua miss\u00e3o a Comiss\u00e3o para a Anima\u00e7\u00e3o B\u00edblico-Catequ\u00e9tica procura desenvolver as seguintes atividades:<\/p>\n<ul>\n<li>Est\u00e1, em primeiro lugar, a servi\u00e7o da CNBB, contribuindo, na medida do poss\u00edvel, com a dinamiza\u00e7\u00e3o dos seus Projetos Globais.<\/li>\n<li>Assessora o Bispo respons\u00e1vel pela Comiss\u00e3o no CONSEP.<\/li>\n<li>Zela pela catequese como inicia\u00e7\u00e3o na f\u00e9, na vida em comunidade e a forma\u00e7\u00e3o crist\u00e3.<\/li>\n<li>Anima, Coordena e Articula as iniciativas de forma\u00e7\u00e3o B\u00edblica das lideran\u00e7as e comunidades.<\/li>\n<li>Garante o Servi\u00e7o da Anima\u00e7\u00e3o b\u00edblico-catequ\u00e9tica a partir das Igrejas particular ou as Dioceses.<\/li>\n<li>Elabora subs\u00eddios que ajudem na forma\u00e7\u00e3o dos agentes da catequese e da anima\u00e7\u00e3o b\u00edblica na perspectiva de uma Eclesiologia de comunh\u00e3o.<\/li>\n<li>Promove a articula\u00e7\u00e3o dos grupos ligados \u00e0 Comiss\u00e3o: GRECAT (Grupo de Reflex\u00e3o Catequ\u00e9tica); GRESCAT (Grupo de Reflex\u00e3o das Escolas Catequ\u00e9ticas); GREBIN (Grupo de Reflex\u00e3o B\u00edblica Nacional) grupo dos Catequetas.<\/li>\n<li>Promove a articula\u00e7\u00e3o da Catequese entre os Regionais da CNBB, e em \u00e2mbito nacional, atrav\u00e9s: da presen\u00e7a e assessoria a assembl\u00e9ias, congressos, cursos e encontros, e outras formas de comunica\u00e7\u00e3o das not\u00edcias e orienta\u00e7\u00f5es referentes \u00e0 caminhada da Catequese e da Anima\u00e7\u00e3o B\u00edblica, dos Projetos Globais da CNBB e eventos diversos.<\/li>\n<li>Acompanha e articula a Comiss\u00e3o do Diret\u00f3rio Nacional de Catequese, constitu\u00edda por Bispos assessorados por Catequetas, te\u00f3logos e exegetas.<\/li>\n<li>Organiza eventos em \u00e2mbito nacional tais como: Encontros Nacionais de Catequese, Semanas Catequ\u00e9ticas, Semanas B\u00edblicas, Semin\u00e1rios, etc.<\/li>\n<li>Mant\u00e9m atualizado o cadastro de endere\u00e7os dos grupos ligados \u00e0 Comiss\u00e3o, de assessores e outros colaboradores.<\/li>\n<li>Divulga as not\u00edcias da Comiss\u00e3o nos boletins e na p\u00e1gina da CNBB na Internet.<\/li>\n<\/ul>\n<div style=\"line-height: 15px\">\n<h2>Organiza\u00e7\u00e3o da Comiss\u00e3o<\/h2>\n<h5>Grupos de Reflex\u00e3o:<\/h5>\n<p><a href=\"comissoes-episcopais\/biblico-catequetica\/3507-grupo-de-reflexao-biblica-nacional-grebin\">GREBIN<\/a> \u2013 <a href=\"comissoes-episcopais\/biblico-catequetica\/3508-grupo-de-reflexao-catequetica-grecat\">GRECAT<\/a> \u2013 <a href=\"comissoes-episcopais\/biblico-catequetica\/3509-grupo-de-reflexao-das-escolas-catequeticas-grescat\">GRESCAT<\/a> &#8211; <a href=\"comissoes-episcopais\/biblico-catequetica\/3510-grupo-de-catequetas\">Grupo de Catequetas<\/a> &#8211; <a href=\"comissoes-episcopais\/biblico-catequetica\/3511-grupo-das-coordenacoes-regionais\">Grupo das Coordena\u00e7\u00f5es Regionais<\/a> &#8211; <a href=\"comissoes-episcopais\/biblico-catequetica\/3512-equipe-executiva-de-catequese-junto-a-pessoa-com-deficiencia\">Equipe Executiva de Catequese junto \u00e0 Pessoa com Defici\u00eancia<\/a><\/div>\n","protected":false},"excerpt":{"rendered":"<p>A Comiss\u00e3o para a Anima\u00e7\u00e3o B\u00edblico-Catequ\u00e9tica \u00e9 um servi\u00e7o essencial \u00e0 evangeliza\u00e7\u00e3o inculturada da Igreja no Brasil. Na sua origem, dentro do esp\u00edrito do plano de Pastoral de Conjunto, promovendo a a\u00e7\u00e3o catequ\u00e9tica, o aprofundamento doutrinal e a reflex\u00e3o teol\u00f3gica. Ela prop\u00f5e um caminho de forma\u00e7\u00e3o sistem\u00e1tica e progressiva da f\u00e9, para que as pessoas, &hellip;<\/p>\n<p class=\"read-more\"> <a class=\"\" href=\"https:\/\/www.cnbb.org.br\/quem-somos-animacao-biblico-catequetica\/\"> <span class=\"screen-reader-text\">Quem Somos: Anima\u00e7\u00e3o B\u00edblico-Catequ\u00e9tica<\/span> Leia mais &raquo;<\/a><\/p>\n","protected":false},"author":83,"featured_media":0,"comment_status":"open","ping_status":"open","sticky":false,"template":"","format":"standard","meta":{"site-sidebar-layout":"default","site-content-layout":"default","ast-global-header-display":"","ast-banner-title-visibility":"","ast-main-header-display":"","ast-hfb-above-header-display":"","ast-hfb-below-header-display":"","ast-hfb-mobile-header-display":"","site-post-title":"","ast-breadcrumbs-content":"","ast-featured-img":"","footer-sml-layout":"","theme-transparent-header-meta":"","adv-header-id-meta":"","stick-header-meta":"","header-above-stick-meta":"","header-main-stick-meta":"","header-below-stick-meta":""},"categories":[800],"tags":[],"acf":[],"_links":{"self":[{"href":"https:\/\/www.cnbb.org.br\/cnbb-app\/wp\/v2\/posts\/13851"}],"collection":[{"href":"https:\/\/www.cnbb.org.br\/cnbb-app\/wp\/v2\/posts"}],"about":[{"href":"https:\/\/www.cnbb.org.br\/cnbb-app\/wp\/v2\/types\/post"}],"author":[{"embeddable":true,"href":"https:\/\/www.cnbb.org.br\/cnbb-app\/wp\/v2\/users\/83"}],"replies":[{"embeddable":true,"href":"https:\/\/www.cnbb.org.br\/cnbb-app\/wp\/v2\/comments?post=13851"}],"version-history":[{"count":0,"href":"https:\/\/www.cnbb.org.br\/cnbb-app\/wp\/v2\/posts\/13851\/revisions"}],"wp:attachment":[{"href":"https:\/\/www.cnbb.org.br\/cnbb-app\/wp\/v2\/media?parent=13851"}],"wp:term":[{"taxonomy":"category","embeddable":true,"href":"https:\/\/www.cnbb.org.br\/cnbb-app\/wp\/v2\/categories?post=13851"},{"taxonomy":"post_tag","embeddable":true,"href":"https:\/\/www.cnbb.org.br\/cnbb-app\/wp\/v2\/tags?post=13851"}],"curies":[{"name":"wp","href":"https:\/\/api.w.org\/{rel}","templated":true}]}}