{"id":13854,"date":"2010-04-07T00:00:00","date_gmt":"2010-04-07T03:00:00","guid":{"rendered":"https:\/\/www.cnbb.org.br\/mes-da-biblia-2010\/"},"modified":"2020-03-11T16:25:06","modified_gmt":"2020-03-11T19:25:06","slug":"mes-da-biblia-2010","status":"publish","type":"post","link":"https:\/\/www.cnbb.org.br\/mes-da-biblia-2010\/","title":{"rendered":"M\u00eas da B\u00edblia 2010"},"content":{"rendered":"<p style=\"text-align: justify\">Desde o Vaticano II, a B\u00edblia ocupou um espa\u00e7o privilegiado na fam\u00edlia, nos grupos de reflex\u00e3o, c\u00edrculos b\u00edblicos, na catequese e nas pequenas comunidades. A Igreja no Brasil desenvolveu toda uma pr\u00e1tica de leitura e reflex\u00e3o da B\u00edblia que muito contribui para o sustento da f\u00e9 e da caminhada das pessoas. \u00c9 uma forma muito rica de viver a miss\u00e3o da Igreja que \u00e9 a de servir a Palavra.<\/p>\n<p><!--more--><\/p>\n<p style=\"text-align: justify\">O M\u00eas da B\u00edblia surgiu h\u00e1 39 anos por ocasi\u00e3o do 50\u00ba anivers\u00e1rio da Arquidiocese de Belo Horizonte. Desde ent\u00e3o tem destacado a import\u00e2ncia da leitura, do estudo e da contempla\u00e7\u00e3o das Sagradas Escrituras. Na verdade, o M\u00eas da B\u00edblia contribuiu muito para o desenvolvimento da Pastoral B\u00edblica no \u00e2mbito paroquial e diocesano. Hoje, se percebe a necessidade da Anima\u00e7\u00e3o B\u00edblica das Pastorais em vez da exist\u00eancia de apenas uma pastoral entre as demais dedicada \u00e0s Sagradas Escrituras. A Anima\u00e7\u00e3o B\u00edblica vem a ser a forma mais adequada de acentuar a centralidade da Palavra de Deus na vida e na miss\u00e3o da Igreja.<\/p>\n<p style=\"text-align: justify\">A Comiss\u00e3o Episcopal Pastoral para a Anima\u00e7\u00e3o B\u00edblico-Catequ\u00e9tica, juntamente com as Institui\u00e7\u00f5es B\u00edblicas, no desejo de dar continuidade \u00e0 XII Assembl\u00e9ia Geral Ordin\u00e1ria do S\u00ednodo dos Bispos (2008), que destacou especialmente o mandato mission\u00e1rio de todo crist\u00e3o como consequ\u00eancia do batismo, prop\u00f5e para o ano de 2010, no m\u00eas da B\u00edblia, o estudo e a medita\u00e7\u00e3o do Livro de Jonas com destaque para a evangeliza\u00e7\u00e3o e a miss\u00e3o na cidade.<\/p>\n<p style=\"text-align: justify\">O S\u00ednodo pediu que a consci\u00eancia desse mandato mission\u00e1rio e discipular fosse aprofundada em cada par\u00f3quia e comunidade, nas pastorais, nos movimentos e nas organiza\u00e7\u00f5es cat\u00f3licas. Tamb\u00e9m foi desejo dos Padres Sinodais que se propusessem novas iniciativas para se fazer chegar a \u201cPalavra de Deus a todos, especialmente, aos irm\u00e3os batizados, mas n\u00e3o suficientemente evangelizados\u201d (Proposi\u00e7\u00e3o 38).<\/p>\n<p style=\"text-align: justify\">Al\u00e9m disso, a V Confer\u00eancia Geral do Episcopado Latino-Americano e do Caribe, em Aparecida &#8211; SP (2007), tamb\u00e9m destacou o valor do mandato mission\u00e1rio, enfatizando os novos are\u00f3pagos da miss\u00e3o (DAp 491-500). Are\u00f3pago, literalmente, significa colina de Ares, localizada na antiga cidade grega de Atenas. Nesse lugar, a c\u00e9u aberto, a cidadania era exercida em assembleias que tratavam de importantes assuntos no \u00e2mbito da pol\u00edtica e da religi\u00e3o. Foi ali, conforme At 17, 16-33, que S\u00e3o Paulo apresentou o Evangelho, pela primeira vez, a um ambiente de cultura grega. Atualmente, o are\u00f3pago, em sentido simb\u00f3lico, significa os novos contextos de miss\u00e3o. Os encontros sobre o livro de Jonas ajudar\u00e3o a Igreja a vivenciar o mandato mission\u00e1rio no enfrentamento de novos desafios.<\/p>\n<p style=\"text-align: justify\">Na linha do ecumenismo da Campanha da Fraternidade deste ano, o livro de Jonas refor\u00e7a a id\u00e9ia da universalidade do amor de Deus, que reconhece o valor de todos; no horizonte aberto pelo Ano Paulino, esse texto da Escritura nos faz refletir sobre a evangeliza\u00e7\u00e3o do mundo urbano. Assim, Jonas ser\u00e1 uma grande contribui\u00e7\u00e3o para que o entusiasmo n\u00e3o esfrie e a Igreja possa continuar ampliando sua reflex\u00e3o sobre a amplitude de sua miss\u00e3o. De fato, a escolha deste livro b\u00edblico para o m\u00eas de setembro tem por objetivo tirar os cat\u00f3licos do comodismo e do julgamento preconceituoso e os encaminhar para a evangeliza\u00e7\u00e3o da cidade.<\/p>\n<p style=\"text-align: justify\">Existem muitas formas de se aproximar da Sagrada Escritura, por\u00e9m, existe uma privilegiada \u00e0 qual todos somos convidados: o exerc\u00edcio da Leitura Orante (Lectio Divina) da Sagrada Escritura que, se bem praticada, nos conduz ao encontro com Jesus (Cf. DAp 249).<\/p>\n<p style=\"text-align: justify\">Por isso, escolhemos esta forma de contato com a Palavra de Deus para este m\u00eas da B\u00edblia. Agrade\u00e7o \u00e0 A\u00edla Luzia Pinheiro de Andrade, da Comunidade Nova Jerusal\u00e9m, pela elabora\u00e7\u00e3o deste subs\u00eddio.<\/p>\n<p style=\"text-align: justify\">Que o estudo e a medita\u00e7\u00e3o do livro de Jonas nos ajudem a vencer a tenta\u00e7\u00e3o de fugir dos desafios da miss\u00e3o e nos tornem capazes de acolher a todas as pessoas sem acep\u00e7\u00e3o.<\/p>\n<p style=\"text-align: right\">\n<h4 style=\"text-align: right\">Dom Eug\u00eanio Rixen Bispo de Goi\u00e1s &#8211; GO<br \/>\nPresidente da Comiss\u00e3o Episcopal Pastoral<br \/>\npara a Anima\u00e7\u00e3o B\u00edblico-Catequ\u00e9tica<\/h4>\n","protected":false},"excerpt":{"rendered":"<p>Desde o Vaticano II, a B\u00edblia ocupou um espa\u00e7o privilegiado na fam\u00edlia, nos grupos de reflex\u00e3o, c\u00edrculos b\u00edblicos, na catequese e nas pequenas comunidades. A Igreja no Brasil desenvolveu toda uma pr\u00e1tica de leitura e reflex\u00e3o da B\u00edblia que muito contribui para o sustento da f\u00e9 e da caminhada das pessoas. \u00c9 uma forma muito &hellip;<\/p>\n<p class=\"read-more\"> <a class=\"\" href=\"https:\/\/www.cnbb.org.br\/mes-da-biblia-2010\/\"> <span class=\"screen-reader-text\">M\u00eas da B\u00edblia 2010<\/span> Leia mais &raquo;<\/a><\/p>\n","protected":false},"author":83,"featured_media":13855,"comment_status":"open","ping_status":"open","sticky":false,"template":"","format":"standard","meta":{"site-sidebar-layout":"default","site-content-layout":"default","ast-global-header-display":"","ast-banner-title-visibility":"","ast-main-header-display":"","ast-hfb-above-header-display":"","ast-hfb-below-header-display":"","ast-hfb-mobile-header-display":"","site-post-title":"","ast-breadcrumbs-content":"","ast-featured-img":"","footer-sml-layout":"","theme-transparent-header-meta":"","adv-header-id-meta":"","stick-header-meta":"","header-above-stick-meta":"","header-main-stick-meta":"","header-below-stick-meta":""},"categories":[800],"tags":[],"acf":[],"_links":{"self":[{"href":"https:\/\/www.cnbb.org.br\/cnbb-app\/wp\/v2\/posts\/13854"}],"collection":[{"href":"https:\/\/www.cnbb.org.br\/cnbb-app\/wp\/v2\/posts"}],"about":[{"href":"https:\/\/www.cnbb.org.br\/cnbb-app\/wp\/v2\/types\/post"}],"author":[{"embeddable":true,"href":"https:\/\/www.cnbb.org.br\/cnbb-app\/wp\/v2\/users\/83"}],"replies":[{"embeddable":true,"href":"https:\/\/www.cnbb.org.br\/cnbb-app\/wp\/v2\/comments?post=13854"}],"version-history":[{"count":0,"href":"https:\/\/www.cnbb.org.br\/cnbb-app\/wp\/v2\/posts\/13854\/revisions"}],"wp:featuredmedia":[{"embeddable":true,"href":"https:\/\/www.cnbb.org.br\/cnbb-app\/wp\/v2\/media\/13855"}],"wp:attachment":[{"href":"https:\/\/www.cnbb.org.br\/cnbb-app\/wp\/v2\/media?parent=13854"}],"wp:term":[{"taxonomy":"category","embeddable":true,"href":"https:\/\/www.cnbb.org.br\/cnbb-app\/wp\/v2\/categories?post=13854"},{"taxonomy":"post_tag","embeddable":true,"href":"https:\/\/www.cnbb.org.br\/cnbb-app\/wp\/v2\/tags?post=13854"}],"curies":[{"name":"wp","href":"https:\/\/api.w.org\/{rel}","templated":true}]}}