{"id":13859,"date":"2010-05-18T00:00:00","date_gmt":"2010-05-18T03:00:00","guid":{"rendered":"https:\/\/www.cnbb.org.br\/arquidiocese-de-bh-oferece-curso-de-formacao-inicial-para-catequistas-ministros-da-eucaristia-e-acolitos-surdos\/"},"modified":"2020-03-11T16:25:06","modified_gmt":"2020-03-11T19:25:06","slug":"arquidiocese-de-bh-oferece-curso-de-formacao-inicial-para-catequistas-ministros-da-eucaristia-e-acolitos-surdos","status":"publish","type":"post","link":"https:\/\/www.cnbb.org.br\/arquidiocese-de-bh-oferece-curso-de-formacao-inicial-para-catequistas-ministros-da-eucaristia-e-acolitos-surdos\/","title":{"rendered":"Arquidiocese de BH oferece curso de forma\u00e7\u00e3o inicial para catequistas, ministros da eucar\u00edstia e ac\u00f3litos surdos"},"content":{"rendered":"<p style=\"text-align: justify\">No pr\u00f3ximo dia 22, tem in\u00edcio na arquidiocese de Belo Horizonte (MG) o Curso de Forma\u00e7\u00e3o Inicial de Catequista Surdo, que atua diretamente com a comunidade surda, na evangeliza\u00e7\u00e3o da Palavra de Deus. A forma\u00e7\u00e3o acontece das 10h \u00e0s 12h e das 13h30 \u00e0s 15h30.<\/p>\n<p><!--more--><\/p>\n<p style=\"text-align: justify\">Al\u00e9m desse curso, a arquidiocese tamb\u00e9m disponibiliza forma\u00e7\u00e3o para ministros extraordin\u00e1rios da Eucar\u00edstia e ac\u00f3litos, tamb\u00e9m surdos, que atuar\u00e3o nas celebra\u00e7\u00f5es eucar\u00edsticas.<\/p>\n<p style=\"text-align: justify\"><strong>Veja a programa\u00e7\u00e3o<\/strong><\/p>\n<p style=\"text-align: justify\">22\/05 &#8211; Tema 2 &#8211; A Voca\u00e7\u00e3o do Catequista. Estudo do Tema e reflex\u00e3o.<br \/>\n05\/06 &#8211; Tema 3 \u2013 A Pessoa do Catequista. Estudo do Tema e reflex\u00e3o.<br \/>\n26\/06 &#8211; Tema 4 \u2013 Catequese Renovada. Estudo do Tema e reflex\u00e3o.<br \/>\n03\/07 &#8211; Tema 5 &#8211; A B\u00edblia na Catequese. Estudo do Tema e reflex\u00e3o.<br \/>\n10\/07 &#8211; Tema 6 \u2013 A B\u00edblia relata a Revela\u00e7\u00e3o de Deus. Estudo do Tema e reflex\u00e3o.<br \/>\n21\/08 &#8211; Tema 7 \u2013 A Biblioteca da B\u00edblia. Estudo do Tema e reflex\u00e3o.<br \/>\n28\/08 &#8211; Tema 8 \u2013 Como ler a B\u00edblia na Catequese. Estudo do Tema e reflex\u00e3o.<\/p>\n<p style=\"text-align: justify\"><strong>Pastoral do Surdo<\/strong><\/p>\n<p style=\"text-align: justify\">Rua Al\u00e9m Para\u00edba, 208 &#8211; Lagoinha &#8211; Belo Horizonte &#8211; MG<br \/>\nTelefone: (31) 3423-8552.<br \/>\nE-mail: pastoraldosurdodebelohorizonte@yahoo.com.br<br \/>\nAtendimento de segunda a sexta &#8211; 13h \u00e0s 17h.<\/p>\n","protected":false},"excerpt":{"rendered":"<p>No pr\u00f3ximo dia 22, tem in\u00edcio na arquidiocese de Belo Horizonte (MG) o Curso de Forma\u00e7\u00e3o Inicial de Catequista Surdo, que atua diretamente com a comunidade surda, na evangeliza\u00e7\u00e3o da Palavra de Deus. A forma\u00e7\u00e3o acontece das 10h \u00e0s 12h e das 13h30 \u00e0s 15h30.<\/p>\n","protected":false},"author":83,"featured_media":13860,"comment_status":"open","ping_status":"open","sticky":false,"template":"","format":"standard","meta":{"site-sidebar-layout":"default","site-content-layout":"default","ast-global-header-display":"","ast-banner-title-visibility":"","ast-main-header-display":"","ast-hfb-above-header-display":"","ast-hfb-below-header-display":"","ast-hfb-mobile-header-display":"","site-post-title":"","ast-breadcrumbs-content":"","ast-featured-img":"","footer-sml-layout":"","theme-transparent-header-meta":"","adv-header-id-meta":"","stick-header-meta":"","header-above-stick-meta":"","header-main-stick-meta":"","header-below-stick-meta":""},"categories":[800],"tags":[],"acf":[],"_links":{"self":[{"href":"https:\/\/www.cnbb.org.br\/cnbb-app\/wp\/v2\/posts\/13859"}],"collection":[{"href":"https:\/\/www.cnbb.org.br\/cnbb-app\/wp\/v2\/posts"}],"about":[{"href":"https:\/\/www.cnbb.org.br\/cnbb-app\/wp\/v2\/types\/post"}],"author":[{"embeddable":true,"href":"https:\/\/www.cnbb.org.br\/cnbb-app\/wp\/v2\/users\/83"}],"replies":[{"embeddable":true,"href":"https:\/\/www.cnbb.org.br\/cnbb-app\/wp\/v2\/comments?post=13859"}],"version-history":[{"count":0,"href":"https:\/\/www.cnbb.org.br\/cnbb-app\/wp\/v2\/posts\/13859\/revisions"}],"wp:featuredmedia":[{"embeddable":true,"href":"https:\/\/www.cnbb.org.br\/cnbb-app\/wp\/v2\/media\/13860"}],"wp:attachment":[{"href":"https:\/\/www.cnbb.org.br\/cnbb-app\/wp\/v2\/media?parent=13859"}],"wp:term":[{"taxonomy":"category","embeddable":true,"href":"https:\/\/www.cnbb.org.br\/cnbb-app\/wp\/v2\/categories?post=13859"},{"taxonomy":"post_tag","embeddable":true,"href":"https:\/\/www.cnbb.org.br\/cnbb-app\/wp\/v2\/tags?post=13859"}],"curies":[{"name":"wp","href":"https:\/\/api.w.org\/{rel}","templated":true}]}}