{"id":13927,"date":"2011-01-31T00:00:00","date_gmt":"2011-01-31T02:00:00","guid":{"rendered":"https:\/\/www.cnbb.org.br\/v-seminario-nacional-de-catequese-junto-a-pessoa-com-deficiencia\/"},"modified":"2020-03-11T16:24:57","modified_gmt":"2020-03-11T19:24:57","slug":"v-seminario-nacional-de-catequese-junto-a-pessoa-com-deficiencia","status":"publish","type":"post","link":"https:\/\/www.cnbb.org.br\/v-seminario-nacional-de-catequese-junto-a-pessoa-com-deficiencia\/","title":{"rendered":"V Semin\u00e1rio nacional de Catequese junto \u00e0 pessoa com defici\u00eancia"},"content":{"rendered":"<p style=\"text-align: right\"><em>\u201cIgreja e a Pessoa com Defici\u00eancia\u201d.<\/em><\/p>\n<p style=\"text-align: justify\"><strong>Car\u00edssimos irm\u00e3os no Episcopado<\/strong><\/p>\n<p style=\"text-align: justify\">\u00c9 grande, em nosso pa\u00eds, a quantidade de pessoas com defici\u00eancias. Elas t\u00eam o mesmo direito \u00e0 catequese, \u00e0 vida comunit\u00e1ria e sacramental. Particularmente a partir do s\u00e9culo XX em seus documentos catequ\u00e9ticos, a Igreja v\u00ea a necessidade de lhes dar a devida aten\u00e7\u00e3o e fazer esfor\u00e7os para superar todo tipo de discrimina\u00e7\u00e3o.<\/p>\n<p><!--more--><\/p>\n<p style=\"text-align: justify\">Esta catequese sup\u00f5e uma prepara\u00e7\u00e3o espec\u00edfica dos catequistas, pois cada necessidade diferente exige uma pedagogia adequada. O Diret\u00f3rio Nacional de Catequese nos alerta para o reconhecimento da quantidade de pessoas com defici\u00eancias em nosso pa\u00eds. E afirma que a Pessoa com Defici\u00eancia t\u00eam o mesmo direito \u00e0 catequese, \u00e0 vida comunit\u00e1ria, ao trabalho, \u00e0 educa\u00e7\u00e3o e participa\u00e7\u00e3o ativa na sociedade. Em nossas Comunidades muitas pessoas se sentem chamadas para o trabalho junto \u00e0s pessoas com defici\u00eancia; h\u00e1 inclusive catequistas e agentes de pastoral com algum tipo de defici\u00eancia.<\/p>\n<p style=\"text-align: justify\">A Campanha da Fraternidade-2006 com o Tema: Fraternidade e Pessoas com Defici\u00eancia e lema: \u201cLevanta-te, Vem para o Meio!\u201d, despertou e trouxe v\u00e1rios desdobramentos para a situa\u00e7\u00e3o e inclus\u00e3o das pessoas com defici\u00eancia na Igreja e sociedade. As a\u00e7\u00f5es s\u00f3cio-educativas-evangelizadoras suscitadas pela CF e pelos semin\u00e1rios anteriores precisam continuar, por isso a realiza\u00e7\u00e3o do V Semin\u00e1rio de Catequese junto \u00e0 Pessoa com Defici\u00eancia, com o tema: \u201cIgreja e a Pessoa com Defici\u00eancia\u201d e lema: \u201cLevanta-te e Anda\u201d(At 3,6), a ser realizado nos dias 25 a 27 de mar\u00e7o de 2011 no Centro de Pastoral Sta F\u00e9, na cidade de S\u00e3o Paulo.<\/p>\n<p style=\"text-align: justify\">Para isso CONVOCAMOS \u00c0 IGREJA DO BRASIL atrav\u00e9s dos seus regionais e dioceses \u00e0 participar\u00a0 e promover atividades em vista desse Semin\u00e1rio que traz a marca de uma catequese diferenciada e promotora da dignidade humana.<\/p>\n<p style=\"text-align: justify\">Com as b\u00ean\u00e7\u00e3os da ternura e bondade da Trindade Santa nos colocamos \u00e0 caminho do V Semin\u00e1rio de Catequese Junto \u00e0 Pessoa com Defici\u00eancia, contando sempre com a presen\u00e7a materna e cuidadosa de nossa M\u00e3e Maria, que nos quer disc\u00edpulos mission\u00e1rios.<\/p>\n<p style=\"text-align: center\">Fraternalmente,<\/p>\n<p style=\"text-align: center\">Dom Eug\u00eanio Rixen<br \/>\nPresidente da Comiss\u00e3o para Anima\u00e7\u00e3o B\u00edblico-Catequ\u00e9tica<\/p>\n","protected":false},"excerpt":{"rendered":"<p>\u201cIgreja e a Pessoa com Defici\u00eancia\u201d. Car\u00edssimos irm\u00e3os no Episcopado \u00c9 grande, em nosso pa\u00eds, a quantidade de pessoas com defici\u00eancias. Elas t\u00eam o mesmo direito \u00e0 catequese, \u00e0 vida comunit\u00e1ria e sacramental. Particularmente a partir do s\u00e9culo XX em seus documentos catequ\u00e9ticos, a Igreja v\u00ea a necessidade de lhes dar a devida aten\u00e7\u00e3o e &hellip;<\/p>\n<p class=\"read-more\"> <a class=\"\" href=\"https:\/\/www.cnbb.org.br\/v-seminario-nacional-de-catequese-junto-a-pessoa-com-deficiencia\/\"> <span class=\"screen-reader-text\">V Semin\u00e1rio nacional de Catequese junto \u00e0 pessoa com defici\u00eancia<\/span> Leia mais &raquo;<\/a><\/p>\n","protected":false},"author":83,"featured_media":13928,"comment_status":"open","ping_status":"open","sticky":false,"template":"","format":"standard","meta":{"site-sidebar-layout":"default","site-content-layout":"default","ast-global-header-display":"","ast-banner-title-visibility":"","ast-main-header-display":"","ast-hfb-above-header-display":"","ast-hfb-below-header-display":"","ast-hfb-mobile-header-display":"","site-post-title":"","ast-breadcrumbs-content":"","ast-featured-img":"","footer-sml-layout":"","theme-transparent-header-meta":"","adv-header-id-meta":"","stick-header-meta":"","header-above-stick-meta":"","header-main-stick-meta":"","header-below-stick-meta":""},"categories":[800],"tags":[],"acf":[],"_links":{"self":[{"href":"https:\/\/www.cnbb.org.br\/cnbb-app\/wp\/v2\/posts\/13927"}],"collection":[{"href":"https:\/\/www.cnbb.org.br\/cnbb-app\/wp\/v2\/posts"}],"about":[{"href":"https:\/\/www.cnbb.org.br\/cnbb-app\/wp\/v2\/types\/post"}],"author":[{"embeddable":true,"href":"https:\/\/www.cnbb.org.br\/cnbb-app\/wp\/v2\/users\/83"}],"replies":[{"embeddable":true,"href":"https:\/\/www.cnbb.org.br\/cnbb-app\/wp\/v2\/comments?post=13927"}],"version-history":[{"count":0,"href":"https:\/\/www.cnbb.org.br\/cnbb-app\/wp\/v2\/posts\/13927\/revisions"}],"wp:featuredmedia":[{"embeddable":true,"href":"https:\/\/www.cnbb.org.br\/cnbb-app\/wp\/v2\/media\/13928"}],"wp:attachment":[{"href":"https:\/\/www.cnbb.org.br\/cnbb-app\/wp\/v2\/media?parent=13927"}],"wp:term":[{"taxonomy":"category","embeddable":true,"href":"https:\/\/www.cnbb.org.br\/cnbb-app\/wp\/v2\/categories?post=13927"},{"taxonomy":"post_tag","embeddable":true,"href":"https:\/\/www.cnbb.org.br\/cnbb-app\/wp\/v2\/tags?post=13927"}],"curies":[{"name":"wp","href":"https:\/\/api.w.org\/{rel}","templated":true}]}}