{"id":13943,"date":"2011-03-08T00:00:00","date_gmt":"2011-03-08T03:00:00","guid":{"rendered":"https:\/\/www.cnbb.org.br\/catequistas-da-arquidiocese-de-ribeirao-preto-tem-curso-de-capacitacao-missionaria\/"},"modified":"2020-03-11T16:24:55","modified_gmt":"2020-03-11T19:24:55","slug":"catequistas-da-arquidiocese-de-ribeirao-preto-tem-curso-de-capacitacao-missionaria","status":"publish","type":"post","link":"https:\/\/www.cnbb.org.br\/catequistas-da-arquidiocese-de-ribeirao-preto-tem-curso-de-capacitacao-missionaria\/","title":{"rendered":"Catequistas da arquidiocese de Ribeir\u00e3o Preto t\u00eam curso de capacita\u00e7\u00e3o mission\u00e1ria"},"content":{"rendered":"<p style=\"text-align: justify\">Terminou nesta ter\u00e7a-feira, 8, o curso de capacita\u00e7\u00e3o mission\u00e1ria para catequistas realizado pela arquidiocese de Ribeir\u00e3o Preto, em Brodowski (SP). Um grupo de 110 catequistas participou do encontro que come\u00e7ou no dia 5 e teve como tema \u201cInicia\u00e7\u00e3o \u00e0 vida crist\u00e3\u201d, desenvolvido pela assessora da Comiss\u00e3o Episcopal para Anima\u00e7\u00e3o B\u00edblico-catequ\u00e9tica, irm\u00e3 Z\u00e9lia Maria Batista.<\/p>\n<p><!--more--><\/p>\n<p style=\"text-align: justify\">O arcebispo de Ribeir\u00e3o Preto, dom Joviano de Lima J\u00fanior, destacou a acolhida, a prepara\u00e7\u00e3o do ambiente e o trabalho em equipe como pontos de partida para um bom trabalho catequ\u00e9tico. \u201cA forma\u00e7\u00e3o permanente \u00e9 um dos objetivos desta capacita\u00e7\u00e3o, os catequistas tem a miss\u00e3o de conduzir o processo de inicia\u00e7\u00e3o \u00e0 vida crist\u00e3 como caminho para uma experi\u00eancia fundante da f\u00e9 em Jesus Cristo, e o ponto de partida para a conviv\u00eancia fraterna \u00e9 a acolhida\u201d, disse o arcebispo.<\/p>\n<p>A capacita\u00e7\u00e3o mission\u00e1ria para catequistas insere-se no contexto do Projeto Mission\u00e1rio Arquidiocesano Ser Igreja em Miss\u00e3o (SIM) e do Plano Arquidiocesano de A\u00e7\u00e3o Pastoral. O curso quer ser um incentivo para a integra\u00e7\u00e3o entre a Equipe Arquidiocesana da Anima\u00e7\u00e3o B\u00edblico-Catequ\u00e9tica, o Secretariado de Pastoral e a Pastoral Vocacional.<\/p>\n<p><img decoding=\"async\" loading=\"lazy\" class=\" alignright size-full wp-image-8685\" style=\"float: right\" title=\"Dom Joviano e Irm\u00e3 Z\u00e9lia insistiram na import\u00e2ncia da forma\u00e7\u00e3o dos catequistas (Foto: Pascom-Arquidiocese de Ribeir\u00e3o Preto)\" src=\"https:\/\/www.cnbb.org.br\/wp-content\/uploads\/2020\/03\/encontrocatequeseDomJovianoIr.Zelia_.jpg\" alt=\"encontrocatequeseDomJovianoIr.Zelia\" width=\"180\" height=\"260\" \/>\u201cA capacita\u00e7\u00e3o quer apoiar os trabalhos da catequese, estruturar a forma\u00e7\u00e3o dos catequistas para que em suas diversas fases saibam acolher a todos, e principalmente, desenvolvam a catequese em seu itiner\u00e1rio catecumenal, sabendo fazer uso do Rito de Inicia\u00e7\u00e3o Catequese com Adultos, o RICA\u201d, ressaltou dom Joviano.<\/p>\n<p>A assessora, irm\u00e3 Z\u00e9lia Maria Batista, exortou os catequistas a assumirem um novo modelo de catequese que responda aos desafios de um contexto de intensas mudan\u00e7as e insistiu numa metodologia que ultrapasse o sacramentalismo. \u201cA metodologia da inicia\u00e7\u00e3o \u00e0 vida crist\u00e3 consiste em avan\u00e7ar de uma mentalidade sacramentalista para o seguimento de um itiner\u00e1rio catecumenal. Isso exige a capacita\u00e7\u00e3o dos catequistas para fazerem uso das novas linguagens, das novas metodologias e do trabalho em conjunto com as demais pastorais, e atrav\u00e9s das diversas etapas da inicia\u00e7\u00e3o crist\u00e3, levar as pessoas a um compromisso de vida comunit\u00e1ria e da viv\u00eancia de discipulado mission\u00e1rio\u201d, explicou a religiosa.<\/p>\n<p>CNBB\/Pascom Ribeir\u00e3o Preto<\/p>\n","protected":false},"excerpt":{"rendered":"<p>Terminou nesta ter\u00e7a-feira, 8, o curso de capacita\u00e7\u00e3o mission\u00e1ria para catequistas realizado pela arquidiocese de Ribeir\u00e3o Preto, em Brodowski (SP). Um grupo de 110 catequistas participou do encontro que come\u00e7ou no dia 5 e teve como tema \u201cInicia\u00e7\u00e3o \u00e0 vida crist\u00e3\u201d, desenvolvido pela assessora da Comiss\u00e3o Episcopal para Anima\u00e7\u00e3o B\u00edblico-catequ\u00e9tica, irm\u00e3 Z\u00e9lia Maria Batista.<\/p>\n","protected":false},"author":83,"featured_media":13944,"comment_status":"open","ping_status":"open","sticky":false,"template":"","format":"standard","meta":{"site-sidebar-layout":"default","site-content-layout":"default","ast-global-header-display":"","ast-banner-title-visibility":"","ast-main-header-display":"","ast-hfb-above-header-display":"","ast-hfb-below-header-display":"","ast-hfb-mobile-header-display":"","site-post-title":"","ast-breadcrumbs-content":"","ast-featured-img":"","footer-sml-layout":"","theme-transparent-header-meta":"","adv-header-id-meta":"","stick-header-meta":"","header-above-stick-meta":"","header-main-stick-meta":"","header-below-stick-meta":""},"categories":[800],"tags":[],"acf":[],"_links":{"self":[{"href":"https:\/\/www.cnbb.org.br\/cnbb-app\/wp\/v2\/posts\/13943"}],"collection":[{"href":"https:\/\/www.cnbb.org.br\/cnbb-app\/wp\/v2\/posts"}],"about":[{"href":"https:\/\/www.cnbb.org.br\/cnbb-app\/wp\/v2\/types\/post"}],"author":[{"embeddable":true,"href":"https:\/\/www.cnbb.org.br\/cnbb-app\/wp\/v2\/users\/83"}],"replies":[{"embeddable":true,"href":"https:\/\/www.cnbb.org.br\/cnbb-app\/wp\/v2\/comments?post=13943"}],"version-history":[{"count":0,"href":"https:\/\/www.cnbb.org.br\/cnbb-app\/wp\/v2\/posts\/13943\/revisions"}],"wp:featuredmedia":[{"embeddable":true,"href":"https:\/\/www.cnbb.org.br\/cnbb-app\/wp\/v2\/media\/13944"}],"wp:attachment":[{"href":"https:\/\/www.cnbb.org.br\/cnbb-app\/wp\/v2\/media?parent=13943"}],"wp:term":[{"taxonomy":"category","embeddable":true,"href":"https:\/\/www.cnbb.org.br\/cnbb-app\/wp\/v2\/categories?post=13943"},{"taxonomy":"post_tag","embeddable":true,"href":"https:\/\/www.cnbb.org.br\/cnbb-app\/wp\/v2\/tags?post=13943"}],"curies":[{"name":"wp","href":"https:\/\/api.w.org\/{rel}","templated":true}]}}