{"id":13963,"date":"2011-07-22T00:00:00","date_gmt":"2011-07-22T03:00:00","guid":{"rendered":"https:\/\/www.cnbb.org.br\/canto-liturgico-catequese-e-comunicacao\/"},"modified":"2020-03-11T16:24:52","modified_gmt":"2020-03-11T19:24:52","slug":"canto-liturgico-catequese-e-comunicacao","status":"publish","type":"post","link":"https:\/\/www.cnbb.org.br\/canto-liturgico-catequese-e-comunicacao\/","title":{"rendered":"Canto Lit\u00fargico, Catequese e Comunica\u00e7\u00e3o"},"content":{"rendered":"<div style=\"text-align: right\"><span style=\"font-size: 10pt\"><strong><em>Dom Orani Jo\u00e3o Tempesta, O. Cist.<\/em><\/strong><\/span><br \/>\n<span style=\"font-size: 10pt\"><strong><em> Arcebispo de S\u00e3o Sebasti\u00e3o do Rio de Janeiro, RJ<\/em><\/strong><\/span><\/div>\n<p style=\"text-align: justify\">Ente as alegrias dos encontros de comunica\u00e7\u00e3o que tivemos a oportunidade de hospedar nas \u00faltimas duas semanas, acrescentamos o 50\u00ba Curso de Canto Pastoral. Cantar a Liturgia \u00e9 tamb\u00e9m comunica\u00e7\u00e3o! Este ano ele foi dedicado ao Mons. Amaro Cavalcante de Albuquerque Filho que o iniciou aqui no Rio de Janeiro. Foram muitos encontros nesse mesmo estilo espalhados pelo Brasil na d\u00e9cada de 60. Esses cursos, frutos do \u201cmovimento lit\u00fargico\u201d, antecedeu, preparou e concretizou posteriormente o Conc\u00edlio Vaticano II. Ele conta com uma parte te\u00f3rica e formativa e outra de ensaio das novas melodias que a cada ano enriquecem o repert\u00f3rio musical de nossa Igreja. Mas, o Canto Lit\u00fargico \u00e9 tamb\u00e9m catequ\u00e9tico. Ele sup\u00f5e e educa \u00e0 fe.<\/p>\n<p><!--more--><\/p>\n<p style=\"text-align: justify\">O desafio da Igreja \u00e9 a evangeliza\u00e7\u00e3o do mundo de hoje, mesmo em territ\u00f3rios onde a Igreja j\u00e1 se encontra implantada h\u00e1 mais tempo. Nossa realidade pede uma nova evangeliza\u00e7\u00e3o. A catequese coloca-se dentro desta perspectiva evangelizadora, mostrando uma grande paix\u00e3o pelo an\u00fancio do Evangelho. Entrar no Mist\u00e9rio Pascal sup\u00f5e uma catequese aprofundada. Talvez a grande dificuldades hoje seja justamente essa! N\u00e3o bastam apenas as adapta\u00e7\u00f5es exteriores, \u00e9 importante um aprofundamento da f\u00e9 no Mist\u00e9rio Eucar\u00edstico.<\/p>\n<p style=\"text-align: justify\">Por isso seria importante que, como consequ\u00eancia dos encontros de Comunica\u00e7\u00e3o (Semin\u00e1rio dos Bispos e Mutir\u00e3o Brasileiro de Comunica\u00e7\u00e3o) e do jubileu de ouro dos encontros de Canto Pastoral, que pud\u00e9ssemos estar nos comprometendo ainda mais com a Inicia\u00e7\u00e3o Crist\u00e3 para uma catequese que aprofunde a f\u00e9 de nosso povo.<br \/>\nSendo o an\u00fancio de Jesus Cristo um momento da evangeliza\u00e7\u00e3o (querigma), a catequese\u00a0 \u00e9 um modo, dando-lhe continuidade. Sua finalidade \u00e9 aprofundar e amadurecer a f\u00e9, educando o convertido para que se incorpore \u00e0 comunidade crist\u00e3. A catequese sempre sup\u00f5e a evangeliza\u00e7\u00e3o. Por sua vez \u00e0 catequese segue-se o terceiro momento: a a\u00e7\u00e3o pastoral para os fi\u00e9is j\u00e1 iniciados \u00e0 f\u00e9, no seio da comunidade crist\u00e3 atrav\u00e9s da forma\u00e7\u00e3o continuada. Catequese e a\u00e7\u00e3o pastoral se impregnam do ardor mission\u00e1rio, visando \u00e0 ades\u00e3o mais plena a Jesus Cristo.<\/p>\n<p style=\"text-align: justify\">A atividade da Igreja, de modo especial a catequese, traduz sempre a m\u00edstica mission\u00e1ria que animava os primeiros crist\u00e3os. A catequese exige convers\u00e3o interior e cont\u00ednuo retorno ao n\u00facleo do Evangelho (querigma), ou seja, ao Mist\u00e9rio de Jesus Cristo em sua P\u00e1scoa libertadora, vivida e celebrada continuamente na liturgia. Sem isso, ela deixa de produzir os frutos desejados. Toda a\u00e7\u00e3o da Igreja leva ao seguimento mais intenso de Jesus e o compromisso com seu projeto mission\u00e1rio.<\/p>\n<p style=\"text-align: justify\">A liturgia \u00e9 comunica\u00e7\u00e3o, mas \u00e9 tamb\u00e9m catequese. Por isso, junto com o primeiro an\u00fancio, sempre temos que nos preocupar com o aprofundamento da f\u00e9.<\/p>\n<p style=\"text-align: justify\">O fruto da evangeliza\u00e7\u00e3o e da Catequese \u00e9 o fazer disc\u00edpulos: acolher a Palavra, aceitar Deus na pr\u00f3pria vida, como dom da f\u00e9. H\u00e1 certas condi\u00e7\u00f5es da nossa parte, que se resumem em duas palavras evang\u00e9licas: convers\u00e3o e seguimento. A f\u00e9 \u00e9 uma caminhada, conduzida pelo Esp\u00edrito Santo, a partir de uma op\u00e7\u00e3o de vida e uma ades\u00e3o pessoal a Deus, atrav\u00e9s de Jesus Cristo, e ao seu projeto para o mundo. Isso sup\u00f5e tamb\u00e9m uma aceita\u00e7\u00e3o intelectual, um conhecimento da mensagem de Jesus. O seguimento de Jesus Cristo realiza-se, por\u00e9m, na comunidade fraterna. O discipulado, que \u00e9 o aprofundamento do seguimento, implica ren\u00fancia a tudo o que se op\u00f5e ao projeto de Deus e que diminui a pessoa. Leva \u00e0 proximidade e intimidade com Jesus Cristo e ao compromisso com a comunidade e com a miss\u00e3o.<\/p>\n<p style=\"text-align: justify\">A catequese \u00e9, em primeiro lugar, uma a\u00e7\u00e3o eclesial: a Igreja transmite a f\u00e9 que ela mesma vive e o catequista \u00e9 um porta-voz da comunidade e n\u00e3o de uma doutrina pessoal. A catequese faz parte do minist\u00e9rio da Palavra e do profetismo eclesial. O catequista \u00e9 um aut\u00eantico profeta, pois pronuncia a Palavra de Deus, na for\u00e7a do Esp\u00edrito Santo. Fiel \u00e0 pedagogia divina, a catequese ilumina e revela o sentido da vida.<\/p>\n<p style=\"text-align: justify\">A catequese comunica uma experi\u00eancia de vida, um compromisso de f\u00e9, um caminho de seguimento. &#8220;O que existia desde o princ\u00edpio, o que ouvimos, o que vimos com os nossos pr\u00f3prios olhos, o que contemplamos, o que nossas m\u00e3os tocaram acerca da palavra de vida&#8230; isto vo-lo anunciamos, a fim de que estejais unidos a n\u00f3s&#8221; (cf 1Jo 1,1-3).<br \/>\nA catequese, mais do que transmitir verdades, comunica uma mensagem de vida, de f\u00e9, de compromisso com Deus, consigo mesmo, com o irm\u00e3o e com a comunidade.<\/p>\n<p style=\"text-align: justify\">A catequese acontece atrav\u00e9s da intercomunica\u00e7\u00e3o pessoal e atrav\u00e9s da comunica\u00e7\u00e3o grupal como exerc\u00edcio de vida comunit\u00e1ria e partilhada.<\/p>\n<p style=\"text-align: justify\">A catequese agora necessita avan\u00e7ar para o uso dos equipamentos modernos de comunica\u00e7\u00e3o. As novas gera\u00e7\u00f5es nascem dentro da tecnologia.<\/p>\n<p style=\"text-align: justify\">A catequese na sua miss\u00e3o de fazer ecoar a mensagem da Boa Nova de Cristo, deve criar instrumentos que garantam um processo de comunica\u00e7\u00e3o participativo e circular; valorizar a presen\u00e7a na comunidade local dos catequistas com uma forma\u00e7\u00e3o especial no campo da comunica\u00e7\u00e3o. A Igreja deve estar atenta \u00e0s perspectivas que se abrem no campo da educa\u00e7\u00e3o a dist\u00e2ncia.<\/p>\n<p style=\"text-align: justify\">O educador na f\u00e9 procura continuar a miss\u00e3o iniciada por Jesus guiado pelo Esp\u00edrito Santo. Este servi\u00e7o na Igreja \u00e9 de fundamental import\u00e2ncia. A Igreja valorizando o minist\u00e9rio dos catequistas atesta que servi\u00e7o mais belo que o do catequista que anuncia a Palavra divina, que se une com amor, confian\u00e7a e respeito ao pr\u00f3prio irm\u00e3o, para ajud\u00e1-lo a descobrir e realizar os des\u00edgnios providenciais de Deus sobre ele. Eis que a miss\u00e3o do catequista consiste tamb\u00e9m em fomentar que as nossas comunidades sejam mais acolhedoras e catequizadoras.<\/p>\n<p style=\"text-align: justify\">O catequista \u00e9 um anunciador da Palavra, algu\u00e9m que procura de fato vivenci\u00e1-la no dia a dia. Seu testemunho \u00e9 fundamental, pois n\u00e3o se pode separar a f\u00e9 da vida quotidiana. O educador na f\u00e9 tem uma tarefa extremamente \u00e1rdua e delicada, porque a catequese n\u00e3o \u00e9 um simples ensino, mas a transmiss\u00e3o de uma mensagem de vida, como jamais ser\u00e1 poss\u00edvel encontrar em outras express\u00f5es do pensamento humano. Quem diz \u2018mensagem\u2019, diz algo mais do que doutrina. Quantas doutrinas jamais chegam a ser mensagem! A mensagem n\u00e3o se limita a expor id\u00e9ias, ela exige uma resposta, pois \u00e9 interpela\u00e7\u00e3o entre pessoas, entre aquele que prop\u00f5e e aquele que responde. A mensagem \u00e9 vida. Cristo anunciou a Boa Nova, a salva\u00e7\u00e3o e a felicidade. Por ser uma mensagem de vida, \u00e9 que a Igreja catequiza o povo.<\/p>\n<p style=\"text-align: justify\">A Catequese nos \u00faltimos anos deu passos significativos. Em toda parte percebe-se um fervilhar de novas experi\u00eancias e m\u00e9todos mais adequados que nos orientem na caminhada. Este processo de renova\u00e7\u00e3o depara-se com alguns desafios: a catequese n\u00e3o pode ser uma simples iniciativa baseada na boa vontade, na improvisa\u00e7\u00e3o. Disso decorre a necessidade de pensar, organizar e atualizar a catequese, buscar novos are\u00f3pagos, animar os catequistas, criar um clima humano-afetivo.\u00a0 Surge assim a miss\u00e3o da Igreja do qual depende, em grande parte, a din\u00e2mica e a renova\u00e7\u00e3o da catequese numa comunidade. N\u00e3o tenha medo e, avance nas \u00e1guas mais profundas atendendo ao apelo de Cristo e da Igreja, de anunciar o Evangelho e catequizar os homens e mulheres de boa vontade.<\/p>\n","protected":false},"excerpt":{"rendered":"<p>Dom Orani Jo\u00e3o Tempesta, O. Cist. Arcebispo de S\u00e3o Sebasti\u00e3o do Rio de Janeiro, RJ Ente as alegrias dos encontros de comunica\u00e7\u00e3o que tivemos a oportunidade de hospedar nas \u00faltimas duas semanas, acrescentamos o 50\u00ba Curso de Canto Pastoral. Cantar a Liturgia \u00e9 tamb\u00e9m comunica\u00e7\u00e3o! Este ano ele foi dedicado ao Mons. Amaro Cavalcante de &hellip;<\/p>\n<p class=\"read-more\"> <a class=\"\" href=\"https:\/\/www.cnbb.org.br\/canto-liturgico-catequese-e-comunicacao\/\"> <span class=\"screen-reader-text\">Canto Lit\u00fargico, Catequese e Comunica\u00e7\u00e3o<\/span> Leia mais &raquo;<\/a><\/p>\n","protected":false},"author":83,"featured_media":0,"comment_status":"open","ping_status":"open","sticky":false,"template":"","format":"standard","meta":{"site-sidebar-layout":"default","site-content-layout":"default","ast-global-header-display":"","ast-banner-title-visibility":"","ast-main-header-display":"","ast-hfb-above-header-display":"","ast-hfb-below-header-display":"","ast-hfb-mobile-header-display":"","site-post-title":"","ast-breadcrumbs-content":"","ast-featured-img":"","footer-sml-layout":"","theme-transparent-header-meta":"","adv-header-id-meta":"","stick-header-meta":"","header-above-stick-meta":"","header-main-stick-meta":"","header-below-stick-meta":""},"categories":[800],"tags":[],"acf":[],"_links":{"self":[{"href":"https:\/\/www.cnbb.org.br\/cnbb-app\/wp\/v2\/posts\/13963"}],"collection":[{"href":"https:\/\/www.cnbb.org.br\/cnbb-app\/wp\/v2\/posts"}],"about":[{"href":"https:\/\/www.cnbb.org.br\/cnbb-app\/wp\/v2\/types\/post"}],"author":[{"embeddable":true,"href":"https:\/\/www.cnbb.org.br\/cnbb-app\/wp\/v2\/users\/83"}],"replies":[{"embeddable":true,"href":"https:\/\/www.cnbb.org.br\/cnbb-app\/wp\/v2\/comments?post=13963"}],"version-history":[{"count":0,"href":"https:\/\/www.cnbb.org.br\/cnbb-app\/wp\/v2\/posts\/13963\/revisions"}],"wp:attachment":[{"href":"https:\/\/www.cnbb.org.br\/cnbb-app\/wp\/v2\/media?parent=13963"}],"wp:term":[{"taxonomy":"category","embeddable":true,"href":"https:\/\/www.cnbb.org.br\/cnbb-app\/wp\/v2\/categories?post=13963"},{"taxonomy":"post_tag","embeddable":true,"href":"https:\/\/www.cnbb.org.br\/cnbb-app\/wp\/v2\/tags?post=13963"}],"curies":[{"name":"wp","href":"https:\/\/api.w.org\/{rel}","templated":true}]}}