{"id":13968,"date":"2011-08-18T00:00:00","date_gmt":"2011-08-18T03:00:00","guid":{"rendered":"https:\/\/www.cnbb.org.br\/jmj-dom-orani-ministra-catequese-na-paroquia-sao-sebastiao\/"},"modified":"2020-03-11T16:24:51","modified_gmt":"2020-03-11T19:24:51","slug":"jmj-dom-orani-ministra-catequese-na-paroquia-sao-sebastiao","status":"publish","type":"post","link":"https:\/\/www.cnbb.org.br\/jmj-dom-orani-ministra-catequese-na-paroquia-sao-sebastiao\/","title":{"rendered":"JMJ: Dom Orani ministra catequese na par\u00f3quia S\u00e3o Sebasti\u00e3o"},"content":{"rendered":"<p style=\"text-align: justify\">MADRI &#8211; Centenas de peregrinos, a maioria brasileiros, participaram ontem, 17, na igreja de S\u00e3o Sebasti\u00e3o, em Madri, da primeira catequese dada pelo arcebispo do Rio de Janeiro, dom Ornai Jo\u00e3o Tempesta, ontem. Os bispos auxiliares do Rio, dom Antonio Augusto Dias Duarte e dom Paulo Cezar tamb\u00e9m participaram do encontro.<\/p>\n<p><!--more--><\/p>\n<p style=\"text-align: justify\">Dom Orani desenvolveu o tema \u201cFirmes na f\u00e9\u201d, proposto para o primeiro dia da catequese. Ele chamou a aten\u00e7\u00e3o dos jovens para a intoler\u00e2ncia religiosa que existe nos dias de hoje e as mudan\u00e7as no mundo sobre a quest\u00e3o da f\u00e9.<\/p>\n<p style=\"text-align: justify\">\u201cA Confer\u00eancia de Aparecida nos fala da mudan\u00e7a de \u00e9poca, de mudan\u00e7a de mentalidade. O Papa mesmo fala que existem pessoas que vivem como se Deus n\u00e3o existisse, como num \u2018eclipse\u2019 de f\u00e9\u201d, lembrou.<\/p>\n<p style=\"text-align: justify\">\u201cSomos chamados a ser firmes na f\u00e9, testemunhas desse Cristo no mundo de hoje. O rosto humano de Deus, n\u00f3s encontramos em Cristo, e isso transforma a nossa vida. N\u00f3s o encontramos na Eucaristia, na penit\u00eancia, no enfermo\u201d, acrescentou o arcebispo.<\/p>\n<p style=\"text-align: justify\">Ao final, alguns jovens deram testemunho sobre a f\u00e9 e a viv\u00eancia do amor de Deus. Houve tamb\u00e9m espa\u00e7o para perguntas dos participantes.<\/p>\n","protected":false},"excerpt":{"rendered":"<p>MADRI &#8211; Centenas de peregrinos, a maioria brasileiros, participaram ontem, 17, na igreja de S\u00e3o Sebasti\u00e3o, em Madri, da primeira catequese dada pelo arcebispo do Rio de Janeiro, dom Ornai Jo\u00e3o Tempesta, ontem. Os bispos auxiliares do Rio, dom Antonio Augusto Dias Duarte e dom Paulo Cezar tamb\u00e9m participaram do encontro.<\/p>\n","protected":false},"author":83,"featured_media":13969,"comment_status":"open","ping_status":"open","sticky":false,"template":"","format":"standard","meta":{"site-sidebar-layout":"default","site-content-layout":"default","ast-global-header-display":"","ast-banner-title-visibility":"","ast-main-header-display":"","ast-hfb-above-header-display":"","ast-hfb-below-header-display":"","ast-hfb-mobile-header-display":"","site-post-title":"","ast-breadcrumbs-content":"","ast-featured-img":"","footer-sml-layout":"","theme-transparent-header-meta":"","adv-header-id-meta":"","stick-header-meta":"","header-above-stick-meta":"","header-main-stick-meta":"","header-below-stick-meta":""},"categories":[800],"tags":[],"acf":[],"_links":{"self":[{"href":"https:\/\/www.cnbb.org.br\/cnbb-app\/wp\/v2\/posts\/13968"}],"collection":[{"href":"https:\/\/www.cnbb.org.br\/cnbb-app\/wp\/v2\/posts"}],"about":[{"href":"https:\/\/www.cnbb.org.br\/cnbb-app\/wp\/v2\/types\/post"}],"author":[{"embeddable":true,"href":"https:\/\/www.cnbb.org.br\/cnbb-app\/wp\/v2\/users\/83"}],"replies":[{"embeddable":true,"href":"https:\/\/www.cnbb.org.br\/cnbb-app\/wp\/v2\/comments?post=13968"}],"version-history":[{"count":0,"href":"https:\/\/www.cnbb.org.br\/cnbb-app\/wp\/v2\/posts\/13968\/revisions"}],"wp:featuredmedia":[{"embeddable":true,"href":"https:\/\/www.cnbb.org.br\/cnbb-app\/wp\/v2\/media\/13969"}],"wp:attachment":[{"href":"https:\/\/www.cnbb.org.br\/cnbb-app\/wp\/v2\/media?parent=13968"}],"wp:term":[{"taxonomy":"category","embeddable":true,"href":"https:\/\/www.cnbb.org.br\/cnbb-app\/wp\/v2\/categories?post=13968"},{"taxonomy":"post_tag","embeddable":true,"href":"https:\/\/www.cnbb.org.br\/cnbb-app\/wp\/v2\/tags?post=13968"}],"curies":[{"name":"wp","href":"https:\/\/api.w.org\/{rel}","templated":true}]}}