{"id":13996,"date":"2012-06-18T00:00:00","date_gmt":"2012-06-18T03:00:00","guid":{"rendered":"https:\/\/www.cnbb.org.br\/catequistas-do-piaui-realizam-aprofundamento-sobre-o-ano-da-fe\/"},"modified":"2020-03-11T16:24:47","modified_gmt":"2020-03-11T19:24:47","slug":"catequistas-do-piaui-realizam-aprofundamento-sobre-o-ano-da-fe","status":"publish","type":"post","link":"https:\/\/www.cnbb.org.br\/catequistas-do-piaui-realizam-aprofundamento-sobre-o-ano-da-fe\/","title":{"rendered":"Catequistas do Piau\u00ed realizam aprofundamento sobre o Ano da F\u00e9"},"content":{"rendered":"<p style=\"text-align: justify\">Teve in\u00edcio na\u00a0 quinta-feira, 14 de junho, a Assembleia Regional de Catequese, que foi realizada no Centro de Treinamento da diocese de Picos (PI). O encontro reuniu catequistas de todo o Regional Nordeste 4 da CNBB (Piau\u00ed) e seguiu at\u00e9 o domingo, 17, com atividades formativas e partilha de experi\u00eancias.<\/p>\n<p><!--more--><\/p>\n<p style=\"text-align: justify\">A tem\u00e1tica principal da assembleia foi sobre o Ano da F\u00e9, que se inicia em 11 de outubro de 2012, no 50\u00ba anivers\u00e1rio de abertura do Conc\u00edlio Vaticano II, e termina em 24 de novembro de 2013, com a Solenidade de Cristo Rei.<\/p>\n<p style=\"text-align: justify\">Em virtude desta tem\u00e1tica, os catequistas estudaram o documento Porta Fidei &#8211; A porta da F\u00e9, com a assessoria do padre Domigos Barbosa, diretor de estudos do Semin\u00e1rio Interdiocesano Sagrado Cora\u00e7\u00e3o de Jesus.<\/p>\n<p style=\"text-align: justify\">Durante a abertura da Assembleia Regional de Catequese, o padre Greg\u00f3rio Leal Lustosa, respons\u00e1vel pela Catequese na diocese de Picos, realizou a acolhida dos participantes em nome de dom Pl\u00ednio Jos\u00e9 Luz da Silva, bispo diocesano. Na oportunidade afirmou que a finalidade da catequese \u00e9 levar a comunh\u00e3o com Jesus Cristo.\u00a0 \u201cS\u00f3 ele pode conduzir ao amor do Pai, no Esp\u00edrito e fazermos participar da vida da Sant\u00edssima Trindade\u201d, disse.<\/p>\n<p style=\"text-align: justify\">Dom Eduardo Zielski, bispo de Campo Maior e referencial da Catequese no Regional, destacou que a cada ano os representantes das dioceses se re\u00fanem para atualizar a caminhada catequ\u00e9tica. \u201cA ideia \u00e9 caminhar sempre em comunh\u00e3o com as Diretrizes Gerais da A\u00e7\u00e3o Evangelizadora da Igreja no Brasil, e demais Diretrizes oriundas de Roma. Este ano estamos aqui para conhecer a carta do papa Bento XVI, Porta Fidei, por isso n\u00f3s colocamos como tema \u2018Ano da F\u00e9: Compromisso da Catequese\u2019\u201d, afirmou.<\/p>\n<p style=\"text-align: justify\">A programa\u00e7\u00e3o de abertura seguiu com um momento de ora\u00e7\u00e3o e din\u00e2mica de apresenta\u00e7\u00e3o das dioceses, bem como da nova coordenadora regional de Catequese, irm\u00e3 Maria das Gra\u00e7as.<\/p>\n<p style=\"text-align: justify\">Na manh\u00e3 de sexta-feira, 15, os participantes se reuniram na capela para a missa, marcada pela festa Lit\u00fargica do Sagrado Cora\u00e7\u00e3o de Jesus e Dia de Ora\u00e7\u00e3o pela Santifica\u00e7\u00e3o do Clero. As atividades foram iniciadas com a Leitura Orante da B\u00edblica, seguida da partilha sobre as experi\u00eancias catequ\u00e9ticas realizadas nas dioceses do Piau\u00ed.<\/p>\n","protected":false},"excerpt":{"rendered":"<p>Teve in\u00edcio na\u00a0 quinta-feira, 14 de junho, a Assembleia Regional de Catequese, que foi realizada no Centro de Treinamento da diocese de Picos (PI). O encontro reuniu catequistas de todo o Regional Nordeste 4 da CNBB (Piau\u00ed) e seguiu at\u00e9 o domingo, 17, com atividades formativas e partilha de experi\u00eancias.<\/p>\n","protected":false},"author":83,"featured_media":13997,"comment_status":"open","ping_status":"open","sticky":false,"template":"","format":"standard","meta":{"site-sidebar-layout":"default","site-content-layout":"default","ast-global-header-display":"","ast-banner-title-visibility":"","ast-main-header-display":"","ast-hfb-above-header-display":"","ast-hfb-below-header-display":"","ast-hfb-mobile-header-display":"","site-post-title":"","ast-breadcrumbs-content":"","ast-featured-img":"","footer-sml-layout":"","theme-transparent-header-meta":"","adv-header-id-meta":"","stick-header-meta":"","header-above-stick-meta":"","header-main-stick-meta":"","header-below-stick-meta":""},"categories":[800],"tags":[],"acf":[],"_links":{"self":[{"href":"https:\/\/www.cnbb.org.br\/cnbb-app\/wp\/v2\/posts\/13996"}],"collection":[{"href":"https:\/\/www.cnbb.org.br\/cnbb-app\/wp\/v2\/posts"}],"about":[{"href":"https:\/\/www.cnbb.org.br\/cnbb-app\/wp\/v2\/types\/post"}],"author":[{"embeddable":true,"href":"https:\/\/www.cnbb.org.br\/cnbb-app\/wp\/v2\/users\/83"}],"replies":[{"embeddable":true,"href":"https:\/\/www.cnbb.org.br\/cnbb-app\/wp\/v2\/comments?post=13996"}],"version-history":[{"count":0,"href":"https:\/\/www.cnbb.org.br\/cnbb-app\/wp\/v2\/posts\/13996\/revisions"}],"wp:featuredmedia":[{"embeddable":true,"href":"https:\/\/www.cnbb.org.br\/cnbb-app\/wp\/v2\/media\/13997"}],"wp:attachment":[{"href":"https:\/\/www.cnbb.org.br\/cnbb-app\/wp\/v2\/media?parent=13996"}],"wp:term":[{"taxonomy":"category","embeddable":true,"href":"https:\/\/www.cnbb.org.br\/cnbb-app\/wp\/v2\/categories?post=13996"},{"taxonomy":"post_tag","embeddable":true,"href":"https:\/\/www.cnbb.org.br\/cnbb-app\/wp\/v2\/tags?post=13996"}],"curies":[{"name":"wp","href":"https:\/\/api.w.org\/{rel}","templated":true}]}}