{"id":13998,"date":"2012-06-27T00:00:00","date_gmt":"2012-06-27T03:00:00","guid":{"rendered":"https:\/\/www.cnbb.org.br\/congresso-teologico-marcara-celebracao-do-ano-da-fe-e-dos-20-anos-do-catecismo\/"},"modified":"2020-03-11T16:24:47","modified_gmt":"2020-03-11T19:24:47","slug":"congresso-teologico-marcara-celebracao-do-ano-da-fe-e-dos-20-anos-do-catecismo","status":"publish","type":"post","link":"https:\/\/www.cnbb.org.br\/congresso-teologico-marcara-celebracao-do-ano-da-fe-e-dos-20-anos-do-catecismo\/","title":{"rendered":"Congresso Teol\u00f3gico marcar\u00e1 celebra\u00e7\u00e3o do Ano da F\u00e9 e dos 20 anos do Catecismo"},"content":{"rendered":"<div style=\"text-align: justify\">Tr\u00eas comiss\u00f5es episcopais da CNBB est\u00e3o unidas na organiza\u00e7\u00e3o do Congresso sobre os 20 anos do Catecismo da Igreja Cat\u00f3lica e o Ano da F\u00e9. O evento est\u00e1 marcado para os dias 7 a 9 de setembro de 2012 na Pontif\u00edcia Universidade Cat\u00f3lica do Paran\u00e1, em Curitiba (PR).<\/div>\n<div style=\"text-align: justify\"><\/div>\n<p>  <!--more-->  <\/p>\n<div style=\"text-align: justify\">Em mensagem dirigida aos bispos, presb\u00edteros, di\u00e1conos, agentes de pastoral, formadores de semin\u00e1rios, professores e estudantes, os organizadores do Congresso apresentam a proposta do evento, que ter\u00e1 a participa\u00e7\u00e3o do arcebispo secret\u00e1rio da Congrega\u00e7\u00e3o para a Doutrina da F\u00e9, dom Luis Francisco Ladaria. <\/p>\n<p>As inscri\u00e7\u00f5es podem ser feitas no site da CNBB at\u00e9 o dia 19 de agosto, e o valor a ser pago \u00e9 de R$ 100 (cem reais &#8211; n\u00e3o inclu\u00eddo alimenta\u00e7\u00e3o nem hospedagem). Aos que desejarem um certificado de extens\u00e3o universit\u00e1ria, dever\u00e3o selecionar a op\u00e7\u00e3o no ato da inscri\u00e7\u00e3o, ao custo de R$ 10 (dez reais).<\/p>\n<p>A seguir, a programa\u00e7\u00e3o completa do Congresso. Para fazer a sua inscri\u00e7\u00e3o, clique <a href=\"http:\/\/eventos.cnbb.org.br\/?evento=y3pmAHhQ0fMCddlTMZN7cY3XGJhQrrLfcr8cyfkg8vjSEAlRRx\" target=\"_blank\" rel=\"noopener\">aqui<\/a>. <\/p>\n<div style=\"text-align: center\"><strong>PROGRAMA DO CONGRESSO SOBRE OS 20 ANOS DO <br \/>CATECISMO DA IGREJA CAT\u00d3LICA E O ANO DA F\u00c9<br \/><em>07 A 09 DE SETEMBRO DE 2012 \u2013 PUCPR \u2013 CURITIBA \/PR<\/em><br \/>CRONOGRAMA<br \/><\/strong><\/div>\n<p> <\/p>\n<p><strong>Dia 07 \u2013 sexta-feira <\/strong><\/p>\n<p>08h00 Recep\u00e7\u00e3o e Acolhida<\/p>\n<p>08h30 Celebra\u00e7\u00e3o das Laudes<\/p>\n<p>08h50\u00a0 Abertura<\/p>\n<p>09h30 <strong>1\u00aa\u00a0 confer\u00eancia geral:<\/strong> Dom L.F. Ladaria: O Catecismo da Igreja Cat\u00f3lica: hist\u00f3ria, atualidade e perspectivas<\/p>\n<p>10h40\u00a0 Intervalo<\/p>\n<p>11h00 <strong>2\u00aa confer\u00eancia geral:<\/strong> Pe. Fr. Dr. Carlos Josaphat, OP &#8211; A Estrutura do Catecismo da Igreja Cat\u00f3lica e a vida crist\u00e3<\/p>\n<p>12h00\u00a0 Almo\u00e7o<\/p>\n<p>14h00\u00a0 <strong>1\u00aa confer\u00eancia nos grupos tem\u00e1ticos<\/strong><\/p>\n<p>Grupo I: Os Padres da Igreja no Catecismo da Igreja Cat\u00f3lica \u2013 Pe. Ms. Ulysses Roberto Lio Tropia \u2013 PUC-MG<\/p>\n<p>Grupo II: A Revela\u00e7\u00e3o no Catecismo da Igreja Cat\u00f3lica \u2013 \u00a0Dr.a Maria Clara Bingemer \u2013 PUC-Rio<\/p>\n<p>Grupo III: A tradu\u00e7\u00e3o brasileira do Catecismo da Igreja Cat\u00f3lica: mem\u00f3rias\u00a0 \u2013\u00a0 S.E.R. Dom Albano B. Cavalin \u2013 Arcebispo Em\u00e9rito de Londirna<\/p>\n<p>Grupo IV: A no\u00e7\u00e3o de f\u00e9 no Catecismo da Igreja Cat\u00f3lica \u2013 Pe. Dr Geraldo Luiz B. Hackman \u2013 PUCRS e Comiss\u00e3o Teol\u00f3gica Internacional<\/p>\n<p>\u00a0<\/p>\n<p>15h00\u00a0 Intervalo<\/p>\n<p>15h30\u00a0 <strong>2\u00aa confer\u00eancia nos grupos tem\u00e1ticos<\/strong><\/p>\n<p>Grupo I: A liturgia no Catecismo da Igreja Cat\u00f3lica \u2013 Pe. Dr. Greg\u00f3rio Lutz \u2013 PUCSP<\/p>\n<p>Grupo II: A eclesiologia no Catecismo da Igreja Cat\u00f3lica \u2013 \u00a0Pe. Dr. Antonio J. Almeida \u2013 PUCPR<\/p>\n<p>Grupo III: A recep\u00e7\u00e3o do Catecismo da Igreja Cat\u00f3lica na Am\u00e9rica Latina \u2013 especialmente no Brasil \u2013 Pe. Dr. Luiz Alves de Lima, SDB \u2013 UNISAL &#8211; SP<\/p>\n<p>Grupo IV: A f\u00e9 como fundamento da espiritualidade Crist\u00e3 \u2013 Dr. D. Bernardo Bonowitz, OCSO \u2013 Abade Trapista<\/p>\n<p>16h30\u00a0 Intera\u00e7\u00e3o com os participantes<\/p>\n<p>18h00\u00a0 Celebra\u00e7\u00e3o da Eucaristia com V\u00e9speras: S.E.R. Dom Moacyr Jos\u00e9 Vitti<\/p>\n<p><strong> <\/strong><\/p>\n<p><strong>Dia 08 \u2013 s\u00e1bado <\/strong><\/p>\n<p>08h30 Celebra\u00e7\u00e3o da Eucaristia com Laudes: S.E.R. Dom Jacinto Bergmann<\/p>\n<p>09h30 <strong>3\u00aa confer\u00eancia geral:<\/strong> Dom L.F. Ladaria: Ano da F\u00e9: motiva\u00e7\u00f5es, proposta e perspectiva<\/p>\n<p>10h40\u00a0 Intervalo<\/p>\n<p>11h00 <strong>4\u00aa. Confer\u00eancia geral: <\/strong>Pe. Dr. M\u00e1rio de Fran\u00e7a Miranda, SJ &#8211;\u00a0 A F\u00e9 Crist\u00e3: dimens\u00f5es pessoal e eclesial<\/p>\n<p>12h00\u00a0 Almo\u00e7o<\/p>\n<p>14h00\u00a0 <strong>3\u00aa confer\u00eancia nos grupos tem\u00e1ticos<\/strong><\/p>\n<p>Grupo I: A Sagrada Escritura no Catecismo da Igreja Cat\u00f3lica \u2013 \u00a0Pe. Fr. Dr. Vicente \u00a0\u2013 PUCPR<\/p>\n<p>Grupo II: A Cristologia no Catecismo da Igreja Cat\u00f3lica \u2013 Pe. Dr. Domingos Barbosa Filho \u2013 ICESPI<\/p>\n<p>Grupo III: A concep\u00e7\u00e3o de catequese subjacente ao Catecismo da Igreja Cat\u00f3lica \u2013 Prof.a Dr.a Elza Helena Soares \u2013 UNISAL-SP<\/p>\n<p>Grupo IV: A Celebra\u00e7\u00e3o do Mist\u00e9rio Crist\u00e3o: ambiente natural da f\u00e9 crist\u00e3 &#8211; D. Edmar Peron \u2013 Bispo Auxiliar de S\u00e3o Paulo<\/p>\n<p>15h00\u00a0 Intervalo<\/p>\n<p>15h30\u00a0 <strong>4\u00aa confer\u00eancia nos grupos tem\u00e1ticos<\/strong><\/p>\n<p>Grupo I: O Magist\u00e9rio e o Catecismo da Igreja Cat\u00f3lica \u2013 \u00a0Pe. Dr. Antonio Luiz Catelan Ferreira<\/p>\n<p>Grupo II: A Moral Crist\u00e3 no Catecismo da Igreja Cat\u00f3lica \u2013 S.E.R. D. S\u00e9rgio da Rocha<\/p>\n<p>Grupo III: A Inicia\u00e7\u00e3o crist\u00e3 no Catecismo da Igreja Cat\u00f3lica \u2013 Pe. Dr. Janison de S\u00e1<\/p>\n<p>Grupo IV: A Eucaristia no Catecismo da Igreja Cat\u00f3lica: \u201cpelas palavras de Cristo e pela invoca\u00e7\u00e3o do Esp\u00edrito Santo\u201d \u2013 Pe. Dr. Francisco Taborda, SJ<\/p>\n<p>16h30\u00a0 Intera\u00e7\u00e3o com os participantes<\/p>\n<p>18h00 V\u00e9speras<\/p>\n<p><strong> <\/strong><\/p>\n<p><strong>Dia 09 \u2013 Domingo<\/strong><\/p>\n<p>08h30 Celebra\u00e7\u00e3o da Eucaristia com Laudes: S.E.R. Dom L.F. Ladaria<\/p>\n<p>09h30 Apresenta\u00e7\u00e3o de t\u00f3picos dos Grupos Tem\u00e1ticos<\/p>\n<p>10h15 Intervalo<\/p>\n<p>10h40\u00a0 <strong>Confer\u00eancia final<\/strong>: Dom Lad\u00e1ria: considera\u00e7\u00f5es finais<\/p>\n<p>11h40\u00a0 Celebra\u00e7\u00e3o conclusiva e encerramento<\/p>\n<\/p><\/div>\n","protected":false},"excerpt":{"rendered":"<p>Tr\u00eas comiss\u00f5es episcopais da CNBB est\u00e3o unidas na organiza\u00e7\u00e3o do Congresso sobre os 20 anos do Catecismo da Igreja Cat\u00f3lica e o Ano da F\u00e9. O evento est\u00e1 marcado para os dias 7 a 9 de setembro de 2012 na Pontif\u00edcia Universidade Cat\u00f3lica do Paran\u00e1, em Curitiba (PR).<\/p>\n","protected":false},"author":83,"featured_media":13999,"comment_status":"open","ping_status":"open","sticky":false,"template":"","format":"standard","meta":{"site-sidebar-layout":"default","site-content-layout":"default","ast-global-header-display":"","ast-banner-title-visibility":"","ast-main-header-display":"","ast-hfb-above-header-display":"","ast-hfb-below-header-display":"","ast-hfb-mobile-header-display":"","site-post-title":"","ast-breadcrumbs-content":"","ast-featured-img":"","footer-sml-layout":"","theme-transparent-header-meta":"","adv-header-id-meta":"","stick-header-meta":"","header-above-stick-meta":"","header-main-stick-meta":"","header-below-stick-meta":""},"categories":[800],"tags":[],"acf":[],"_links":{"self":[{"href":"https:\/\/www.cnbb.org.br\/cnbb-app\/wp\/v2\/posts\/13998"}],"collection":[{"href":"https:\/\/www.cnbb.org.br\/cnbb-app\/wp\/v2\/posts"}],"about":[{"href":"https:\/\/www.cnbb.org.br\/cnbb-app\/wp\/v2\/types\/post"}],"author":[{"embeddable":true,"href":"https:\/\/www.cnbb.org.br\/cnbb-app\/wp\/v2\/users\/83"}],"replies":[{"embeddable":true,"href":"https:\/\/www.cnbb.org.br\/cnbb-app\/wp\/v2\/comments?post=13998"}],"version-history":[{"count":0,"href":"https:\/\/www.cnbb.org.br\/cnbb-app\/wp\/v2\/posts\/13998\/revisions"}],"wp:featuredmedia":[{"embeddable":true,"href":"https:\/\/www.cnbb.org.br\/cnbb-app\/wp\/v2\/media\/13999"}],"wp:attachment":[{"href":"https:\/\/www.cnbb.org.br\/cnbb-app\/wp\/v2\/media?parent=13998"}],"wp:term":[{"taxonomy":"category","embeddable":true,"href":"https:\/\/www.cnbb.org.br\/cnbb-app\/wp\/v2\/categories?post=13998"},{"taxonomy":"post_tag","embeddable":true,"href":"https:\/\/www.cnbb.org.br\/cnbb-app\/wp\/v2\/tags?post=13998"}],"curies":[{"name":"wp","href":"https:\/\/api.w.org\/{rel}","templated":true}]}}