{"id":14019,"date":"2013-03-18T00:00:00","date_gmt":"2013-03-18T03:00:00","guid":{"rendered":"https:\/\/www.cnbb.org.br\/escola-catequetica-realiza-primeira-etapa-de-2013\/"},"modified":"2020-03-11T16:24:43","modified_gmt":"2020-03-11T19:24:43","slug":"escola-catequetica-realiza-primeira-etapa-de-2013","status":"publish","type":"post","link":"https:\/\/www.cnbb.org.br\/escola-catequetica-realiza-primeira-etapa-de-2013\/","title":{"rendered":"Escola Catequ\u00e9tica realiza primeira etapa de 2013"},"content":{"rendered":"<p style=\"text-align: justify\">A Escola Diocesana de Catequese \u201cCaminho de Ema\u00fas\u201d, realizou no domingo, 17 de mar\u00e7o, a primeira etapa formativa do ano de 2013. Cerca de 150 catequistas se reuniram na Par\u00f3quia S\u00e3o Sebasti\u00e3o, em Praia Grande. A forma\u00e7\u00e3o teve por tema a \u201cTrindade\u201d e foi assessorada pelo vig\u00e1rio geral da diocese de Crici\u00fama (SC), padre Wilson Buss.<\/p>\n<p><!--more--><\/p>\n<p style=\"text-align: justify\">A Escola Catequ\u00e9tica, como \u00e9 chamada, teve in\u00edcio em 2011 reunindo catequistas de todas as par\u00f3quias da diocese. \u201cNo primeiro ano, devido a nossa pouca experi\u00eancia, tivemos alguns problemas, mas hoje vemos como o projeto est\u00e1 dando certo e trazendo um novo olhar para a Catequese\u201d, salienta uma das coordenadoras diocesanas da Pastoral Catequ\u00e9tica, Terezinha Brunel.<\/p>\n<p style=\"text-align: justify\">Segundo Terezinha, atualmente se percebe catequistas mais entusiasmados e motivados em seu servi\u00e7o, pensando a Catequese dentro da proposta da \u201cInicia\u00e7\u00e3o \u00e0 Vida Crist\u00e3\u201d, saindo da catequese \u201csala\u201d, para a catequese \u201cmesa\u201d.<\/p>\n<p style=\"text-align: justify\">\u201cA escola est\u00e1 formando catequistas para compreender melhor este mundo em acelerada mudan\u00e7a. Transformando a \u2018Inicia\u00e7\u00e3o \u00e0 Vida Crist\u00e3\u2019 em uma urg\u00eancia, n\u00e3o apenas sacramentalista, mas ajudando os fi\u00e9is a chegarem a uma ades\u00e3o pessoal a Jesus Cristo. Esperamos que ao t\u00e9rmino desta primeira turma, possamos dar continuidade, para que seja uma escola permanente para forma\u00e7\u00e3o de outros catequistas, com o apoio e a valoriza\u00e7\u00e3o de todos os padres de nossa diocese\u201d, enfatiza a coordenadora.<\/p>\n<p style=\"text-align: justify\">\u201cNossas expectativas s\u00e3o de que cada aluno seja um multiplicador em suas par\u00f3quias e comunidades, que os padres continuem nos apoiando e que a escola seja um instrumento importante para a diocese. O objetivo da escola \u00e9 promover um aprofundamento adequado que favore\u00e7a cada participante a ajudar outros catequistas em sua forma\u00e7\u00e3o; refletir sobre os conte\u00fados que atendam as diversas \u00e1reas de forma\u00e7\u00e3o b\u00edblica, catequ\u00e9tica, lit\u00fargica, pessoal, metodol\u00f3gica e teol\u00f3gica, favorecendo momentos de celebra\u00e7\u00e3o, partilha e trabalhos pr\u00e1ticos\u201d, pontua Terezinha.<\/p>\n<p style=\"text-align: justify\">Confira a programa\u00e7\u00e3o 2013:<\/p>\n<p style=\"text-align: justify\">17\/03: Tema \u201cTrindade\u201d, com Pe. Wilson Buss (Praia Grande)<br \/>\n28\/04: Tema \u201cEscatologia\u201d, com Pe. Vilmar Moretti (Santa Luzia)<br \/>\n19\/05: Tema \u201cAfetividade do Catequista\u201d, com Luciana Zilli (Nova Veneza)<br \/>\n23\/06: Tema \u201cInicia\u00e7\u00e3o \u00e0 Vida Crist\u00e3\u201d, com Ir. Marlene Bertoldi (Pr\u00f3spera)<br \/>\n28\/07: Retiro Espiritual, com Pe. Thiago De Moliner Eufr\u00e1sio (Treviso)<br \/>\n18\/08: Tema \u201cComunica\u00e7\u00e3o e Catequese\u201d, com Pe. Domingos Nandi (Urussanga)<br \/>\n22\/09: Tema \u201cB\u00edblia\u201d, com Silvia Togneri (Ararangu\u00e1)<br \/>\n20\/10: Tema \u201cB\u00edblia\u201d, com Silvia Togneri (Morro da Fuma\u00e7a)<br \/>\n24\/11: Formatura (I\u00e7ara)<\/p>\n","protected":false},"excerpt":{"rendered":"<p>A Escola Diocesana de Catequese \u201cCaminho de Ema\u00fas\u201d, realizou no domingo, 17 de mar\u00e7o, a primeira etapa formativa do ano de 2013. Cerca de 150 catequistas se reuniram na Par\u00f3quia S\u00e3o Sebasti\u00e3o, em Praia Grande. A forma\u00e7\u00e3o teve por tema a \u201cTrindade\u201d e foi assessorada pelo vig\u00e1rio geral da diocese de Crici\u00fama (SC), padre Wilson &hellip;<\/p>\n<p class=\"read-more\"> <a class=\"\" href=\"https:\/\/www.cnbb.org.br\/escola-catequetica-realiza-primeira-etapa-de-2013\/\"> <span class=\"screen-reader-text\">Escola Catequ\u00e9tica realiza primeira etapa de 2013<\/span> Leia mais &raquo;<\/a><\/p>\n","protected":false},"author":83,"featured_media":14020,"comment_status":"open","ping_status":"open","sticky":false,"template":"","format":"standard","meta":{"site-sidebar-layout":"default","site-content-layout":"default","ast-global-header-display":"","ast-banner-title-visibility":"","ast-main-header-display":"","ast-hfb-above-header-display":"","ast-hfb-below-header-display":"","ast-hfb-mobile-header-display":"","site-post-title":"","ast-breadcrumbs-content":"","ast-featured-img":"","footer-sml-layout":"","theme-transparent-header-meta":"","adv-header-id-meta":"","stick-header-meta":"","header-above-stick-meta":"","header-main-stick-meta":"","header-below-stick-meta":""},"categories":[800],"tags":[],"acf":[],"_links":{"self":[{"href":"https:\/\/www.cnbb.org.br\/cnbb-app\/wp\/v2\/posts\/14019"}],"collection":[{"href":"https:\/\/www.cnbb.org.br\/cnbb-app\/wp\/v2\/posts"}],"about":[{"href":"https:\/\/www.cnbb.org.br\/cnbb-app\/wp\/v2\/types\/post"}],"author":[{"embeddable":true,"href":"https:\/\/www.cnbb.org.br\/cnbb-app\/wp\/v2\/users\/83"}],"replies":[{"embeddable":true,"href":"https:\/\/www.cnbb.org.br\/cnbb-app\/wp\/v2\/comments?post=14019"}],"version-history":[{"count":0,"href":"https:\/\/www.cnbb.org.br\/cnbb-app\/wp\/v2\/posts\/14019\/revisions"}],"wp:featuredmedia":[{"embeddable":true,"href":"https:\/\/www.cnbb.org.br\/cnbb-app\/wp\/v2\/media\/14020"}],"wp:attachment":[{"href":"https:\/\/www.cnbb.org.br\/cnbb-app\/wp\/v2\/media?parent=14019"}],"wp:term":[{"taxonomy":"category","embeddable":true,"href":"https:\/\/www.cnbb.org.br\/cnbb-app\/wp\/v2\/categories?post=14019"},{"taxonomy":"post_tag","embeddable":true,"href":"https:\/\/www.cnbb.org.br\/cnbb-app\/wp\/v2\/tags?post=14019"}],"curies":[{"name":"wp","href":"https:\/\/api.w.org\/{rel}","templated":true}]}}