{"id":14033,"date":"2013-05-02T00:00:00","date_gmt":"2013-05-02T03:00:00","guid":{"rendered":"https:\/\/www.cnbb.org.br\/balanco-do-3o-seminario-de-catequese-indigena\/"},"modified":"2020-03-11T16:24:42","modified_gmt":"2020-03-11T19:24:42","slug":"balanco-do-3o-seminario-de-catequese-indigena","status":"publish","type":"post","link":"https:\/\/www.cnbb.org.br\/balanco-do-3o-seminario-de-catequese-indigena\/","title":{"rendered":"Balan\u00e7o do 3\u00ba Semin\u00e1rio de Catequese Ind\u00edgena"},"content":{"rendered":"<p style=\"text-align: justify\">Entre os dias 25 e 28 de abril aconteceu na cidade de Manaus (AM) o 3\u00ba Semin\u00e1rio de Catequese Ind\u00edgena com o tema \u201cCatequese, Protagonismo Ind\u00edgena e Incultura\u00e7\u00e3o\u201d. O evento reuniu cerca de 90 pessoas e foi realizado pelas Comiss\u00f5es Episcopais: De Anima\u00e7\u00e3o B\u00edblico-Catequ\u00e9tica, da Amaz\u00f4nia e Mission\u00e1ria, pelo Conselho Indigenista Mission\u00e1rio (CIMI) e pela Pastoral Indigenista da Arquidiocese de Manaus. Leia o balan\u00e7o do 3\u00ba Semin\u00e1rio escrita pelo padre ind\u00edgena Justino Rezende.<\/p>\n<p><!--more--><\/p>\n<p style=\"text-align: right\">Manaus, 25-28\/04\/2013<\/p>\n<p style=\"text-align: justify\">Meu amigo e minha amiga!<\/p>\n<p style=\"text-align: justify\">A cidade de Manaus, capital do estado do Amazonas, acolheu de cora\u00e7\u00e3o aberto as 90 pessoas, participantes do III Semin\u00e1rio de Catequese Ind\u00edgena, de 25 a 28 de abril de 2013. <em>\u201cCatequese, Protagonismo Ind\u00edgena e Incultura\u00e7\u00e3o\u201d<\/em> foi o tema muito bonito que nos desafiou.<\/p>\n<p style=\"text-align: justify\">Este inesquec\u00edvel Semin\u00e1rio foi organizado pelas Comiss\u00f5es Episcopais: De Anima\u00e7\u00e3o B\u00edblico-Catequ\u00e9tica, da Amaz\u00f4nia e Mission\u00e1ria, pelo Conselho Indigenista Mission\u00e1rio (CIMI) e pela Pastoral Indigenista da Arquidiocese de Manaus.<\/p>\n<p style=\"text-align: justify\">Fato admir\u00e1vel, a presen\u00e7a de ind\u00edgenas procedentes de vinte e um (21) povos: Bo\u00e9 Bororo, Maku Hyump, Wapixana, Bar\u00e9, Piratapuia, Baniwa, Kokama, Mura, Bar\u00e1, Munduruku, Zapoteca, Arapaso, Macuxi, Tukano, Tuyuka, Sater\u00e9-Mau\u00e9, Kambeba, Guajajara, Tariano, Desana, Mayuruna. Presentes tamb\u00e9m bispos, padres e religiosos(as).\u00a0\u00a0 Destacamos a presen\u00e7a de padres e religiosas ind\u00edgenas.<\/p>\n<p style=\"text-align: justify\">A conviv\u00eancia fraterna constru\u00edda no dia a dia do Semin\u00e1rio mostrou-nos de que n\u00f3s estamos vivendo um Kair\u00f3s, manifesta\u00e7\u00e3o carinhosa de Deus para com os povos ind\u00edgenas e os mission\u00e1rios que se dedicam em estar com estes povos.<\/p>\n<p style=\"text-align: justify\">No \u00e2mbito mais global temos na anima\u00e7\u00e3o da Igreja Cat\u00f3lica um novo Papa, Francisco. \u00c9 um latino-americano como n\u00f3s e nos inspira nova mentalidade. O papa, a partir do esp\u00edrito de S\u00e3o Francisco, pode dar um rumo novo para a Igreja. Ele fala que a nossa Igreja deve ser \u201cuma Igreja pobre e dos pobres\u201d e nos convida para \u201cir \u00e0s periferias geogr\u00e1ficas e existenciais\u201d. Por isso nesse Semin\u00e1rio sentimos que Deus nos chama para a miss\u00e3o de promover e servir a vida.<\/p>\n<p style=\"text-align: justify\">O III Semin\u00e1rio deu continuidade aos dois j\u00e1 realizados nessa linda Amaz\u00f4nia: O I aconteceu em Manaus, no per\u00edodo de 25 a 28 de outubro de 2007. O II aconteceu em Ananindeua\/PA, no per\u00edodo de 8 a 10 de abril de 2011.<\/p>\n<p style=\"text-align: justify\">Nosso Semin\u00e1rio contou com muitas e valiosas assessorias:<br \/>\n-Pe. Raimundo Possid\u00f4nio: \u201cCen\u00e1rios catequ\u00e9ticos da hist\u00f3ria da miss\u00e3o\u201d.<br \/>\n-Pe. Paulo Suess: \u201cCatequese no contexto hist\u00f3rico-social dos povos\u00a0 ind\u00edgenas hoje o foco catequ\u00e9tico na pastoral indigenista\u201d.<br \/>\n-Pe. Luis Alves de Lima : \u201cInicia\u00e7\u00e3o \u00e0 Vida Crist\u00e3\u201d.<br \/>\n-Pe. Eleazar Lopez Hern\u00e1ndez: \u201cDi\u00e1logo inter-religioso e intercultural- Teologia \u00cdndia\u201d.<br \/>\n-Pe. Eleazar e Pe. Paulo: \u201cIncultura\u00e7\u00e3o: perspectivas e desafios\u201d.<br \/>\n-Ir. T\u00e9a Frig\u00e9rio: \u201cA B\u00edblia na Catequese ind\u00edgena\u201d.<br \/>\n-Pe. Bartolomeu Giaccaria: \u201cRitos e Mitos Ind\u00edgenas na Catequese\u201d.<br \/>\n-Pe. Justino Rezende: \u201cIncultura\u00e7\u00e3o na Catequese Ind\u00edgena\u201d.<br \/>\n-Irm\u00e3 Rebeca: \u201cEspiritualidade e Catequese Ind\u00edgena\u201d.<br \/>\n-Pe. Nello Ruffaldi: \u201cCatequese e Protagonismo Ind\u00edgena\u201d.<br \/>\n-Pe. Roberto,OMI: \u201cEvangeliza\u00e7\u00e3o e Cat. Entre os Ind\u00edgenas da Cidade\u201d.<\/p>\n<p style=\"text-align: justify\">-N\u00f3s ind\u00edgenas \u201cpartilhamos<strong> nossos trabalhos<\/strong>, <strong>nossas pr\u00e1ticas<\/strong> de catequese e os<strong> nossos sonhos<\/strong>\u201d<\/p>\n<p style=\"text-align: justify\">O III Semin\u00e1rio de Catequese est\u00e1 dentro da caminhada da Igreja, estamos conectados com os fatos importantes da vida da nossa Igreja. Por isso celebramos com gratid\u00e3o os 30 anos do Documento Catequese Renovada, como inspira\u00e7\u00e3o para a nossa a\u00e7\u00e3o atual. E da mesma forma fizemos mem\u00f3ria dos 40 anos de hist\u00f3ria de compromisso com os povos ind\u00edgenas do Conselho Indigenista Mission\u00e1rio (CIMI).<\/p>\n<p style=\"text-align: justify\">O contexto hist\u00f3rico analisado nos desafia, a <em>\u201cdesembarcar das naves dos invasores para embarcarmos nas canoas dos \u00edndios\u201d<\/em>. \u00c9 preciso entender as culturas dos pequenos. Os povos ind\u00edgenas s\u00e3o pequenos, mas possuem sabedorias, s\u00e3o portadores do Amor de Deus para as pessoas. Pe. Eleazar, vindo do M\u00e9xico, nos contou que <em>as flores de Guadalupe que Juan Diego<\/em> ofereceu \u00e0 Igreja simbolizam as culturas ind\u00edgenas. Como Juan Diogo, com simplicidade, podemos contribuir tamb\u00e9m com a Igreja hoje.<\/p>\n<p style=\"text-align: justify\">Na experi\u00eancia do encontro nos damos conta das coisas boas que est\u00e3o acontecendo: As pr\u00e1ticas da Inicia\u00e7\u00e3o \u00e0 Vida Crist\u00e3 est\u00e3o sendo redescobertas por nossas comunidades. O di\u00e1logo, exig\u00eancia da incultura\u00e7\u00e3o, tamb\u00e9m est\u00e1 avan\u00e7ando. \u00c9 fundamental dialogar com os diferentes. N\u00f3s povos ind\u00edgenas temos muito para dar, partilhar e oferecer para a Igreja. Por outra parte, queremos aprender tamb\u00e9m com os outros povos. Pois as hist\u00f3rias s\u00e3o constru\u00e7\u00f5es humanas. N\u00f3s podemos construir novas hist\u00f3rias, mas precisamos aprender a fazer escolhas. Atrav\u00e9s de nossos mitos e ritos mostramos que a vida deve ser vivida com generosidade, com alegria e profundidade. N\u00f3s sabemos valorizar a natureza, as pessoas, os seres viventes, as for\u00e7as imateriais presentes no mundo.<\/p>\n<p style=\"text-align: justify\">Neste Semin\u00e1rio entendemos que n\u00f3s possu\u00edmos as nossas teologias, a Teologia \u00cdndia, que vem mostrar para ind\u00edgenas e n\u00e3o ind\u00edgenas que temos um Deus que \u00e9 \u00fanico, mas que \u00e9 compreendido com v\u00e1rios nomes. Jesus Cristo nos foi apresentado pelos colonizadores, conquistadores. Mas Jesus n\u00e3o \u00e9 um colonizador\/conquistador. Ele \u00e9 nosso amigo, companheiro, Salvador. Jesus \u00e9 fonte inesgot\u00e1vel de vida, n\u00f3s nunca chegaremos a compreend\u00ea-lo plenamente, mas buscaremos, dia a ap\u00f3s dia, ser seus disc\u00edpulos, construtores do seu Projeto, o Reino de Deus. Sentimos que j\u00e1 percorremos longos caminhos e muitos conhecimentos foram constru\u00eddos em torno de Jesus. Mas as pr\u00e1ticas de evangeliza\u00e7\u00e3o e catequese s\u00e3o adequadas para cada tempo e cada espa\u00e7o hist\u00f3rico. Por isso, precisamos continuamente repensar e resignificar nossas pr\u00e1ticas evangelizadoras.<\/p>\n<p style=\"text-align: justify\">N\u00f3s estudamos, partilhamos e sonhamos, dando-nos conta que no centro de nossos trabalhos est\u00e1 a PESSOA, que deve receber nossa aten\u00e7\u00e3o principal. Somente assim podemos dizer que a ess\u00eancia da catequese ind\u00edgena \u00e9 o valor da vida. A VIDA dos povos ind\u00edgenas precisa ser amada, valorizada e respeitada. Em muitos contextos essa vida, a cultura, os costumes, tradi\u00e7\u00f5es, as l\u00ednguas est\u00e3o enfraquecidas. A Catequese pode tornar-se um instrumento para fortalecer a vida dos nossos povos a partir do evangelho. Pois a catequese assume os problemas sociais e culturais para ajudar na transforma\u00e7\u00e3o da realidade. Por isso apostamos no processo de evangeliza\u00e7\u00e3o e catequese para que nossas vidas sejam amadas como Deus nos ama.<\/p>\n<p style=\"text-align: justify\">Nas reflex\u00f5es ficou claro para n\u00f3s que a Incultura\u00e7\u00e3o deve ser feita atrav\u00e9s do protagonismo ind\u00edgena. Por isso nos alegramos com a presen\u00e7a de v\u00e1rios padres e religiosas ind\u00edgenas neste Semin\u00e1rio. Mas tamb\u00e9m contamos com a valiosa colabora\u00e7\u00e3o dos mission\u00e1rios(as), dos te\u00f3logos(as) e catequetas\u00a0 n\u00e3o ind\u00edgenas. Juntos temos uma bonita e grande miss\u00e3o: <strong>Servir a Vida.<\/strong><\/p>\n<p style=\"text-align: justify\">Neste Semin\u00e1rio damos alguns passos para frente. Estamos caminhando. N\u00e3o temos solu\u00e7\u00f5es m\u00e1gicas. Mas continuamos buscando caminhos para superar as dificuldades, criar outras pr\u00e1ticas e acertar juntos. As diversas quest\u00f5es referentes aos temas da catequese ind\u00edgena, incultura\u00e7\u00e3o e protagonismo continuam em aberto para os nossos estudos, reflex\u00f5es e experi\u00eancias.<\/p>\n<p style=\"text-align: justify\">Finalmente, convidamos a todas as pessoas de boa vontade para que se interessem pelas vidas dos nossos povos. Fazemos apelo aos bispos para que estejam atentos \u00e0s realidades ind\u00edgenas de suas dioceses. Os povos ind\u00edgenas n\u00e3o podem ser invis\u00edveis aos vossos olhos. Pois est\u00e3o presentes em muitas dioceses e par\u00f3quias. Somado a esse compromisso fazemos apelo para que as dioceses e as par\u00f3quias saibam disponibilizar recursos materiais para tornar vi\u00e1vel nossa participa\u00e7\u00e3o.<\/p>\n<p style=\"text-align: justify\">Para todos os participantes do III Semin\u00e1rio esse momento \u00e9 de Kair\u00f3s. Momento da Cria\u00e7\u00e3o e Recria\u00e7\u00e3o da Vida. Deus nos criou para com Ele criar um mundo novo! Ele aposta nos povos ind\u00edgenas!<\/p>\n<p style=\"text-align: justify\">Realizamos bonito trabalho. Elaboramos, atrav\u00e9s de processo bem participativo, <strong>propostas<\/strong> para o futuro de nossa caminhada. Estas est\u00e3o em anexo para que todos participem desse processo hist\u00f3rico (confira abaixo).<\/p>\n<p style=\"text-align: justify\">Obs: Esta mensagem \u00e9 fruto de reflex\u00e3o de uma equipe, mas redigida pelo ind\u00edgena Pe. Justino Rezende.<\/p>\n<p style=\"text-align: justify\"><strong>CONCLUS\u00d5ES DO III SEMIN\u00c1RIO DE CATEQUESE IND\u00cdGENA<\/strong><br \/>\nReconhecendo que os catequistas ind\u00edgenas s\u00e3o a base para o surgimento de uma igreja aut\u00f3ctone, chegamos \u00e0s seguintes conclus\u00f5es:<br \/>\n1.\u00a0\u00a0 \u00a0Sentimos a Necessidade de uma forma\u00e7\u00e3o permanente, espec\u00edfica de catequistas ind\u00edgenas em vista de uma Igreja ind\u00edgena, ministerial, mission\u00e1ria, incorporando a l\u00f3gica, o conte\u00fado, a metodologia e as instancias pr\u00f3prias dos povos e culturas ind\u00edgenas. Essa proposta de forma\u00e7\u00e3o poder\u00e1 ser realizada em centro de forma\u00e7\u00e3o permanente, ou nas aldeias, ou numa combina\u00e7\u00e3o criativa. Os elementos de forma\u00e7\u00e3o inculturada devem ser incorporados tamb\u00e9m aos programas de forma\u00e7\u00e3o do clero, religiosos e religiosas ind\u00edgenas.<\/p>\n<p style=\"text-align: justify\">2.\u00a0\u00a0 \u00a0Para os n\u00e3o ind\u00edgenas que atuam junto aos povos ind\u00edgenas \u00e9 necess\u00e1ria uma prepara\u00e7\u00e3o espec\u00edfica, em vista de uma catequese inculturada com protagonismo ind\u00edgena.<\/p>\n<p style=\"text-align: justify\">3.\u00a0\u00a0 \u00a0Queremos continuar o processo de reflex\u00e3o com intercambio de experi\u00eancias, conte\u00fados, metodologias, subs\u00eddios. Ao longo de quatro anos ser\u00e3o realizados encontros regionais e diocesanos, por temas espec\u00edficos (ind\u00edgenas na cidade), para partilha de experi\u00eancias e aprofundamento. Esse processo culmina com a realiza\u00e7\u00e3o do IV semin\u00e1rio nacional de catequese ind\u00edgena em 2017.<\/p>\n","protected":false},"excerpt":{"rendered":"<p>Entre os dias 25 e 28 de abril aconteceu na cidade de Manaus (AM) o 3\u00ba Semin\u00e1rio de Catequese Ind\u00edgena com o tema \u201cCatequese, Protagonismo Ind\u00edgena e Incultura\u00e7\u00e3o\u201d. O evento reuniu cerca de 90 pessoas e foi realizado pelas Comiss\u00f5es Episcopais: De Anima\u00e7\u00e3o B\u00edblico-Catequ\u00e9tica, da Amaz\u00f4nia e Mission\u00e1ria, pelo Conselho Indigenista Mission\u00e1rio (CIMI) e pela &hellip;<\/p>\n<p class=\"read-more\"> <a class=\"\" href=\"https:\/\/www.cnbb.org.br\/balanco-do-3o-seminario-de-catequese-indigena\/\"> <span class=\"screen-reader-text\">Balan\u00e7o do 3\u00ba Semin\u00e1rio de Catequese Ind\u00edgena<\/span> Leia mais &raquo;<\/a><\/p>\n","protected":false},"author":83,"featured_media":14034,"comment_status":"open","ping_status":"open","sticky":false,"template":"","format":"standard","meta":{"site-sidebar-layout":"default","site-content-layout":"default","ast-global-header-display":"","ast-banner-title-visibility":"","ast-main-header-display":"","ast-hfb-above-header-display":"","ast-hfb-below-header-display":"","ast-hfb-mobile-header-display":"","site-post-title":"","ast-breadcrumbs-content":"","ast-featured-img":"","footer-sml-layout":"","theme-transparent-header-meta":"","adv-header-id-meta":"","stick-header-meta":"","header-above-stick-meta":"","header-main-stick-meta":"","header-below-stick-meta":""},"categories":[800],"tags":[],"acf":[],"_links":{"self":[{"href":"https:\/\/www.cnbb.org.br\/cnbb-app\/wp\/v2\/posts\/14033"}],"collection":[{"href":"https:\/\/www.cnbb.org.br\/cnbb-app\/wp\/v2\/posts"}],"about":[{"href":"https:\/\/www.cnbb.org.br\/cnbb-app\/wp\/v2\/types\/post"}],"author":[{"embeddable":true,"href":"https:\/\/www.cnbb.org.br\/cnbb-app\/wp\/v2\/users\/83"}],"replies":[{"embeddable":true,"href":"https:\/\/www.cnbb.org.br\/cnbb-app\/wp\/v2\/comments?post=14033"}],"version-history":[{"count":0,"href":"https:\/\/www.cnbb.org.br\/cnbb-app\/wp\/v2\/posts\/14033\/revisions"}],"wp:featuredmedia":[{"embeddable":true,"href":"https:\/\/www.cnbb.org.br\/cnbb-app\/wp\/v2\/media\/14034"}],"wp:attachment":[{"href":"https:\/\/www.cnbb.org.br\/cnbb-app\/wp\/v2\/media?parent=14033"}],"wp:term":[{"taxonomy":"category","embeddable":true,"href":"https:\/\/www.cnbb.org.br\/cnbb-app\/wp\/v2\/categories?post=14033"},{"taxonomy":"post_tag","embeddable":true,"href":"https:\/\/www.cnbb.org.br\/cnbb-app\/wp\/v2\/tags?post=14033"}],"curies":[{"name":"wp","href":"https:\/\/api.w.org\/{rel}","templated":true}]}}