{"id":14088,"date":"2014-09-05T00:00:00","date_gmt":"2014-09-05T03:00:00","guid":{"rendered":"https:\/\/www.cnbb.org.br\/semana-de-catequese-indigena-foi-verdadeiro-kairos-afirma-dom-damian\/"},"modified":"2020-03-11T16:24:34","modified_gmt":"2020-03-11T19:24:34","slug":"semana-de-catequese-indigena-foi-verdadeiro-kairos-afirma-dom-damian","status":"publish","type":"post","link":"https:\/\/www.cnbb.org.br\/semana-de-catequese-indigena-foi-verdadeiro-kairos-afirma-dom-damian\/","title":{"rendered":"&#8220;Semana de Catequese Ind\u00edgena foi verdadeiro kair\u00f3s&#8221;, afirma dom Damian"},"content":{"rendered":"<p style=\"text-align: justify\">\n<p style=\"text-align: justify\">O bispo de S\u00e3o Gabriel da Cachoeira (AM), dom Edson Tasquetto Damian, comemorou a realiza\u00e7\u00e3o da Semana de Catequese Ind\u00edgena Inculturada, em Yauaret\u00ea (AM), na fronteira com a Col\u00f4mbia. O encontro, realizado de 31 de agosto a 5 de setembro, teve a presen\u00e7a do arcebispo em\u00e9rito de S\u00e3o Paulo (SP) e presidente da Comiss\u00e3o Episcopal para a Amaz\u00f4nia, cardeal Cl\u00e1udio Hummes. Para dom Edson, foi um \u201cverdadeiro kair\u00f3s\u201d.<\/p>\n<p><!--more--><\/p>\n<p style=\"text-align: justify\"><span style=\"line-height: 1.3em\">A forma\u00e7\u00e3o foi uma oportunidade de catequistas, ministros da palavra e da comunh\u00e3o eucar\u00edstica refletirem sobre o trabalho mission\u00e1rio de catequese ind\u00edgena feito com a incultura\u00e7\u00e3o do Evangelho, iniciando a popula\u00e7\u00e3o local \u00e0 vida crist\u00e3.<\/span><\/p>\n<p style=\"text-align: justify\">De acordo com dom Edson, s\u00e3o 23 etnias diferentes e 18 l\u00ednguas faladas pelos ind\u00edgenas, que correspondem a 95% da popula\u00e7\u00e3o. Ele recorda a palavra do papa Francisco ao episcopado brasileiro, durante sua visita ao pa\u00eds, em 2013, quando o pont\u00edfice ressaltou a presen\u00e7a de mission\u00e1rios, congrega\u00e7\u00f5es religiosas, sacerdotes, leigos e bispos na regi\u00e3o amaz\u00f4nica. \u201cL\u00e1 [a Igreja] continua presente e determinante no futuro daquela \u00e1rea&#8230; Nisto lhe pe\u00e7o, por favor, para serem corajosos, para terem ousadia\u201d, afirmou o papa na ocasi\u00e3o.<\/p>\n<p style=\"text-align: justify\">A catequese inculturada \u00e9 uma proposta aos povos ind\u00edgenas e que s\u00f3 acontece quando h\u00e1 o acolhimento do Evangelho na cultura local, \u201ccom liberdade e autonomia\u201d. \u201cEncarnado na diversidade das culturas, o Evangelho gera comunidades eclesiais com rosto pr\u00f3prio\u201d, afirma o bispo.<\/p>\n<p style=\"text-align: justify\">A evangeliza\u00e7\u00e3o na regi\u00e3o amaz\u00f4nica resulta em riquezas culturais e vocacionais. \u201cQuando sabemos que cada l\u00edngua traz tesouros particulares em rela\u00e7\u00e3o \u00e0 cultura, \u00e0 antropologia, \u00e0 cosmologia e \u00e0 vis\u00e3o de Deus, ent\u00e3o aqui n\u00f3s estamos num para\u00edso. Isto \u00e9 extraordin\u00e1rio\u201d, explica dom Edson Damian. No \u00e2mbito vocacional, h\u00e1 religiosas ind\u00edgenas e alguns padres.<\/p>\n<p style=\"text-align: justify\">Para se prepararem para o encontro em Yauaret\u00ea, catequistas das par\u00f3quias da diocese participaram de forma\u00e7\u00f5es anteriores que abordaram a tem\u00e1tica. Neste ano, o tema da Catequese Ind\u00edgena inculturada ser\u00e1 retomado no Encontro diocesano, que acontecer\u00e1 \u00a0em novembro.<\/p>\n<p style=\"text-align: justify\">\n<h5 style=\"text-align: justify\">\u00a0Com informa\u00e7\u00f5es da assessoria de imprensa das Pontif\u00edcias Obras Mission\u00e1rias (POM)<\/h5>\n<p>&nbsp;<\/p>\n<p>&nbsp;<\/p>\n<p>&nbsp;<\/p>\n","protected":false},"excerpt":{"rendered":"<p>O bispo de S\u00e3o Gabriel da Cachoeira (AM), dom Edson Tasquetto Damian, comemorou a realiza\u00e7\u00e3o da Semana de Catequese Ind\u00edgena Inculturada, em Yauaret\u00ea (AM), na fronteira com a Col\u00f4mbia. O encontro, realizado de 31 de agosto a 5 de setembro, teve a presen\u00e7a do arcebispo em\u00e9rito de S\u00e3o Paulo (SP) e presidente da Comiss\u00e3o Episcopal &hellip;<\/p>\n<p class=\"read-more\"> <a class=\"\" href=\"https:\/\/www.cnbb.org.br\/semana-de-catequese-indigena-foi-verdadeiro-kairos-afirma-dom-damian\/\"> <span class=\"screen-reader-text\">&#8220;Semana de Catequese Ind\u00edgena foi verdadeiro kair\u00f3s&#8221;, afirma dom Damian<\/span> Leia mais &raquo;<\/a><\/p>\n","protected":false},"author":83,"featured_media":14089,"comment_status":"open","ping_status":"open","sticky":false,"template":"","format":"standard","meta":{"site-sidebar-layout":"default","site-content-layout":"default","ast-global-header-display":"","ast-banner-title-visibility":"","ast-main-header-display":"","ast-hfb-above-header-display":"","ast-hfb-below-header-display":"","ast-hfb-mobile-header-display":"","site-post-title":"","ast-breadcrumbs-content":"","ast-featured-img":"","footer-sml-layout":"","theme-transparent-header-meta":"","adv-header-id-meta":"","stick-header-meta":"","header-above-stick-meta":"","header-main-stick-meta":"","header-below-stick-meta":""},"categories":[800],"tags":[],"acf":[],"_links":{"self":[{"href":"https:\/\/www.cnbb.org.br\/cnbb-app\/wp\/v2\/posts\/14088"}],"collection":[{"href":"https:\/\/www.cnbb.org.br\/cnbb-app\/wp\/v2\/posts"}],"about":[{"href":"https:\/\/www.cnbb.org.br\/cnbb-app\/wp\/v2\/types\/post"}],"author":[{"embeddable":true,"href":"https:\/\/www.cnbb.org.br\/cnbb-app\/wp\/v2\/users\/83"}],"replies":[{"embeddable":true,"href":"https:\/\/www.cnbb.org.br\/cnbb-app\/wp\/v2\/comments?post=14088"}],"version-history":[{"count":0,"href":"https:\/\/www.cnbb.org.br\/cnbb-app\/wp\/v2\/posts\/14088\/revisions"}],"wp:featuredmedia":[{"embeddable":true,"href":"https:\/\/www.cnbb.org.br\/cnbb-app\/wp\/v2\/media\/14089"}],"wp:attachment":[{"href":"https:\/\/www.cnbb.org.br\/cnbb-app\/wp\/v2\/media?parent=14088"}],"wp:term":[{"taxonomy":"category","embeddable":true,"href":"https:\/\/www.cnbb.org.br\/cnbb-app\/wp\/v2\/categories?post=14088"},{"taxonomy":"post_tag","embeddable":true,"href":"https:\/\/www.cnbb.org.br\/cnbb-app\/wp\/v2\/tags?post=14088"}],"curies":[{"name":"wp","href":"https:\/\/api.w.org\/{rel}","templated":true}]}}