{"id":14102,"date":"2015-02-04T00:00:00","date_gmt":"2015-02-04T02:00:00","guid":{"rendered":"https:\/\/www.cnbb.org.br\/em-catequese-papa-francisco-pede-aos-pais-que-sejam-doceis-e-firmes\/"},"modified":"2020-03-11T16:24:32","modified_gmt":"2020-03-11T19:24:32","slug":"em-catequese-papa-francisco-pede-aos-pais-que-sejam-doceis-e-firmes","status":"publish","type":"post","link":"https:\/\/www.cnbb.org.br\/em-catequese-papa-francisco-pede-aos-pais-que-sejam-doceis-e-firmes\/","title":{"rendered":"Em catequese, papa Francisco pede aos pais que sejam d\u00f3ceis e firmes"},"content":{"rendered":"<p style=\"text-align: justify\"><span style=\"font-size: 12.1599998474121px;line-height: 1.3em\">Em continuidade \u00e0s catequeses sobre a fam\u00edlia, o papa Francisco retomou a import\u00e2ncia figura do pai, na reflex\u00e3o desta quarta-feira, 4. Na semana passada, Francisco falou da \u201caus\u00eancia paterna&#8221; e as consequ\u00eancias na vida dos filhos.\u00a0<\/span><\/p>\n<p><!--more--><\/p>\n<p style=\"text-align: justify\"><span style=\"font-size: 12.1599998474121px;line-height: 1.3em\">\u201cA primeira necessidade, ent\u00e3o, \u00e9 justamente essa: que o pai seja presen\u00e7a na fam\u00edlia. Que seja pr\u00f3ximo \u00e0 mulher, para partilhar tudo, alegrias e dores, cansa\u00e7os e esperan\u00e7as. E que seja pr\u00f3ximo aos filhos em seu crescimento\u201d, disse Francisco.<\/span><\/p>\n<p style=\"text-align: justify\">Ainda, durante a catequese, o papa explicou que \u201cos filhos precisam encontrar um pai que os espera quando retornam dos seus insucessos. Far\u00e3o de tudo para n\u00e3o admitir isso, para n\u00e3o deixarem ver, mas precisam; e n\u00e3o encontrar isso abre feridas dif\u00edceis de curar\u201d.<\/p>\n<p style=\"text-align: justify\">Confira a catequese na \u00edntegra:<\/p>\n<p style=\"text-align: center\" align=\"center\"><strong>CATEQUESE<\/strong><\/p>\n<p style=\"text-align: center\" align=\"center\"><strong>Sala Paulo VI \u2013 Vaticano<\/strong><\/p>\n<p style=\"text-align: center\" align=\"center\"><strong>Quarta-feira, 4 de fevereiro de 2015<\/strong><\/p>\n<p style=\"text-align: center\" align=\"center\"><strong>Boletim da Santa S\u00e9<\/strong><\/p>\n<p style=\"text-align: justify\">Queridos irm\u00e3os e irm\u00e3s, bom dia!<\/p>\n<p style=\"text-align: justify\">Hoje gostaria de desenvolver a segunda parte da reflex\u00e3o sobre a figura do pai na fam\u00edlia. Na vez passada, falei do perigo dos pais \u201causentes\u201d, hoje quero olhar ao aspecto positivo. Tamb\u00e9m S\u00e3o Jos\u00e9 foi tentado a deixar Maria, quando descobriu que estava gr\u00e1vida: mas interv\u00e9m o anjo do Senhor que lhe revelou o des\u00edgnio de Deus e a sua miss\u00e3o de pai adotivo; e Jos\u00e9, homem justo, \u201ctoma consigo sua esposa\u201d (Mt 1, 24) e se torna o pai da fam\u00edlia de Nazar\u00e9.<\/p>\n<p style=\"text-align: justify\">Cada fam\u00edlia precisa do pai. Hoje nos concentremos no valor do seu papel, e gostaria de partir de algumas express\u00f5es que se encontram no Livro dos Prov\u00e9rbios, palavras que um pai dirige ao pr\u00f3prio filho, e diz assim: \u201cFilho meu, se o teu cora\u00e7\u00e3o for s\u00e1bio, tamb\u00e9m o meu ser\u00e1 cheio de alegria. Exultarei dentro de mim, quando os teus l\u00e1bios disserem palavras retas\u201d (Pv 23, 15-16). N\u00e3o se poderia exprimir melhor o orgulho e a como\u00e7\u00e3o de um pai que reconhece ter transmitido ao filho aquilo que realmente conta na vida, ou seja, um cora\u00e7\u00e3o s\u00e1bio. Este pai n\u00e3o diz: \u201cEstou orgulhoso de voc\u00ea porque \u00e9s igual a mim, porque repetes as coisas que eu digo e que eu fa\u00e7o\u201d. N\u00e3o, n\u00e3o lhe diz simplesmente qualquer coisa. Diz-lhe algo de bem mais importante, que podemos interpretar assim: \u201cSerei feliz toda vez que te ver agir com sabedoria e estarei comovido toda vez que te ouvir falar com retid\u00e3o. Isso \u00e9 aquilo que quis te deixar, para que se tornasse uma coisa tua: a atitude de sentir e agir, de falar e julgar com sabedoria e retid\u00e3o. E para que tu pudesses ser assim, te ensinei coisas que n\u00e3o sabia, corrigi erros que n\u00e3o vias. Fiz voc\u00ea sentir um afeto profundo e ao mesmo tempo discreto, que talvez n\u00e3o reconhecestes plenamente quando eras jovem e incerto. Dei a voc\u00ea um testemunho de rigor e de firmeza que talvez voc\u00ea n\u00e3o entendeu, quando voc\u00ea quis somente cumplicidade e prote\u00e7\u00e3o. Precisei eu mesmo, primeiro, colocar-me \u00e0 prova da sabedoria do cora\u00e7\u00e3o e vigiar sobre os excessos de sentimento e do ressentimento, para levar o peso das inevit\u00e1veis incompreens\u00f5es e encontrar as palavras certas para me fazer entender. Agora, continua o pai \u2013 quando vejo que voc\u00ea procura ser assim com os teus filhos, e com todos, me comovo. Sou feliz de ser teu pai\u201d. \u00c9 assim que diz um pai s\u00e1bio, um pai maduro.<\/p>\n<p style=\"text-align: justify\">Um pai sabe bem quanto custa transmitir esta heran\u00e7a: quanta proximidade, quanta do\u00e7ura e quanta firmeza. Por\u00e9m, que consolo e recompensa se recebe quando os filhos honram esta heran\u00e7a! \u00c9 uma alegria que redime todo cansa\u00e7o, que supera toda incompreens\u00e3o e cura toda ferida.<\/p>\n<p style=\"text-align: justify\">A primeira necessidade, ent\u00e3o, \u00e9 justamente essa: que o pai seja presen\u00e7a na fam\u00edlia. Que seja pr\u00f3ximo \u00e0 mulher, para partilhar tudo, alegrias e dores, cansa\u00e7os e esperan\u00e7as. E que seja pr\u00f3ximo aos filhos em seu crescimento: quando brincam e quando se empenham, quando est\u00e3o despreocupados e quando est\u00e3o angustiados, quando se exprimem e quando ficam em sil\u00eancio, quando ousam e quando t\u00eam medo, quando d\u00e3o um passo errado e quando reencontram o caminho; pai presente, sempre. Dizer presente n\u00e3o \u00e9 o mesmo que dizer controlador! Porque os pais muito controladores anulam os filhos, n\u00e3o os deixam crescer.<\/p>\n<p style=\"text-align: justify\">O Evangelho nos fala do exemplo do Pai que est\u00e1 nos c\u00e9us \u2013 o \u00fanico, diz Jesus, que pode ser chamado realmente \u201cPai bom\u201d (cfr Mc 10, 18). Todos conhecem aquela extraordin\u00e1ria par\u00e1bola chamada do \u201cfilho pr\u00f3digo\u201d, ou melhor, do \u201cpai misericordioso\u201d, que se encontra no Evangelho de Lucas no cap\u00edtulo 15 (cfr 15, 11-32). Quanta dignidade e quanta ternura na espera daquele pai que est\u00e1 na porta da casa esperando que o filho retorne! Os pais devem ser pacientes. Tantas vezes n\u00e3o h\u00e1 outra coisa a fazer se n\u00e3o esperar; rezar e esperar com paci\u00eancia, do\u00e7ura, magnanimidade, miseric\u00f3rdia.<\/p>\n<p style=\"text-align: justify\">Um bom pai sabe esperar e sabe perdoar, do fundo do cora\u00e7\u00e3o. Certo, sabe tamb\u00e9m corrigir com firmeza: n\u00e3o \u00e9 um pai fr\u00e1gil, complacente, sentimental. O pai que sabe corrigir sem degradar \u00e9 o mesmo que sabe proteger sem se economizar. Uma vez ouvi em uma reuni\u00e3o de matrim\u00f4nio um pai dizer: \u201cAlgumas vezes preciso bater um pouco nos filhos\u2026 mas nunca no rosto para n\u00e3o degrad\u00e1-los\u201d. Que bonito! Tem sentido de dignidade. Deve punir, faz isso de modo justo, e segue adiante.<\/p>\n<p style=\"text-align: justify\">Portanto, se h\u00e1 algu\u00e9m que pode explicar at\u00e9 o fundo a ora\u00e7\u00e3o do \u201cPai nosso\u201d, ensinada por Jesus, este \u00e9 justamente quem vive em primeira pessoa a paternidade. Sem a gra\u00e7a que vem do Pai que est\u00e1 nos c\u00e9us, os pais perdem a coragem e abandonam o campo. Mas os filhos precisam encontrar um pai que os espera quando retornam dos seus insucessos. Far\u00e3o de tudo para n\u00e3o admitir isso, para n\u00e3o deixarem ver, mas precisam; e n\u00e3o encontrar isso abre feridas dif\u00edceis de curar.<\/p>\n<p style=\"text-align: justify\">A Igreja, nossa m\u00e3e, \u00e9 empenhada em apoiar com todas as suas for\u00e7as a presen\u00e7a boa e generosa dos pais nas fam\u00edlias, porque esses s\u00e3o para as novas gera\u00e7\u00f5es protetores e mediadores insubstitu\u00edveis da f\u00e9 na bondade, da f\u00e9 na justi\u00e7a e na prote\u00e7\u00e3o de Deus, como S\u00e3o Jos\u00e9.<\/p>\n<p style=\"text-align: justify\">\n","protected":false},"excerpt":{"rendered":"<p>Em continuidade \u00e0s catequeses sobre a fam\u00edlia, o papa Francisco retomou a import\u00e2ncia figura do pai, na reflex\u00e3o desta quarta-feira, 4. Na semana passada, Francisco falou da \u201caus\u00eancia paterna&#8221; e as consequ\u00eancias na vida dos filhos.\u00a0<\/p>\n","protected":false},"author":83,"featured_media":14103,"comment_status":"open","ping_status":"open","sticky":false,"template":"","format":"standard","meta":{"site-sidebar-layout":"default","site-content-layout":"default","ast-global-header-display":"","ast-banner-title-visibility":"","ast-main-header-display":"","ast-hfb-above-header-display":"","ast-hfb-below-header-display":"","ast-hfb-mobile-header-display":"","site-post-title":"","ast-breadcrumbs-content":"","ast-featured-img":"","footer-sml-layout":"","theme-transparent-header-meta":"","adv-header-id-meta":"","stick-header-meta":"","header-above-stick-meta":"","header-main-stick-meta":"","header-below-stick-meta":""},"categories":[800],"tags":[],"acf":[],"_links":{"self":[{"href":"https:\/\/www.cnbb.org.br\/cnbb-app\/wp\/v2\/posts\/14102"}],"collection":[{"href":"https:\/\/www.cnbb.org.br\/cnbb-app\/wp\/v2\/posts"}],"about":[{"href":"https:\/\/www.cnbb.org.br\/cnbb-app\/wp\/v2\/types\/post"}],"author":[{"embeddable":true,"href":"https:\/\/www.cnbb.org.br\/cnbb-app\/wp\/v2\/users\/83"}],"replies":[{"embeddable":true,"href":"https:\/\/www.cnbb.org.br\/cnbb-app\/wp\/v2\/comments?post=14102"}],"version-history":[{"count":0,"href":"https:\/\/www.cnbb.org.br\/cnbb-app\/wp\/v2\/posts\/14102\/revisions"}],"wp:featuredmedia":[{"embeddable":true,"href":"https:\/\/www.cnbb.org.br\/cnbb-app\/wp\/v2\/media\/14103"}],"wp:attachment":[{"href":"https:\/\/www.cnbb.org.br\/cnbb-app\/wp\/v2\/media?parent=14102"}],"wp:term":[{"taxonomy":"category","embeddable":true,"href":"https:\/\/www.cnbb.org.br\/cnbb-app\/wp\/v2\/categories?post=14102"},{"taxonomy":"post_tag","embeddable":true,"href":"https:\/\/www.cnbb.org.br\/cnbb-app\/wp\/v2\/tags?post=14102"}],"curies":[{"name":"wp","href":"https:\/\/api.w.org\/{rel}","templated":true}]}}