{"id":14106,"date":"2015-06-01T00:00:00","date_gmt":"2015-06-01T03:00:00","guid":{"rendered":"https:\/\/www.cnbb.org.br\/sbcat-prepara-aprofundamento-sobre-o-itinerario-catequetico\/"},"modified":"2020-03-11T16:24:31","modified_gmt":"2020-03-11T19:24:31","slug":"sbcat-prepara-aprofundamento-sobre-o-itinerario-catequetico","status":"publish","type":"post","link":"https:\/\/www.cnbb.org.br\/sbcat-prepara-aprofundamento-sobre-o-itinerario-catequetico\/","title":{"rendered":"SBCat prepara aprofundamento sobre o Itiner\u00e1rio Catequ\u00e9tico"},"content":{"rendered":"<p style=\"text-align: justify\">\n<p style=\"text-align: justify\"><span style=\"font-size: 12.1599998474121px;line-height: 1.3em\">Reunidos em sua 2\u00aa Assembleia Ordin\u00e1ria, realizada nos dias 29 e 30 de maio, em S\u00e3o Paulo (SP), os integrantes da Sociedade Brasileira de Catequetas (SBCat) decidiram elaborar um subs\u00eddio com artigos que contribuam no processo de inicia\u00e7\u00e3o \u00e0 vida crist\u00e3 proposto pelo <\/span><em style=\"font-size: 12.1599998474121px;line-height: 1.3em\">Itiner\u00e1rio Catequ\u00e9tico &#8211; Inicia\u00e7\u00e3o \u00e0 Vida Crist\u00e3: um processo de inspira\u00e7\u00e3o catecumenal<\/em><span style=\"font-size: 12.1599998474121px;line-height: 1.3em\">.<\/span><\/p>\n<p><!--more--><\/p>\n<p style=\"text-align: justify\"><span style=\"font-size: 12.1599998474121px;line-height: 1.3em\">A necessidade de um subs\u00eddio com artigos que forne\u00e7am aprofundamento sobre elementos considerados importantes na proposta do Itiner\u00e1rio Catequ\u00e9tico foi identificada pelos membros da SBCat ap\u00f3s a \u201cgrande e imediata repercuss\u00e3o\u201d do texto entre catequistas, padre e bispos. O Itiner\u00e1rio foi\u00a0publicado em novembro de 2014 pela Comiss\u00e3o Episcopal para a Anima\u00e7\u00e3o B\u00edblico Catequ\u00e9tica da Confer\u00eancia Nacional dos Bispos do Brasil (CNBB)<\/span><\/p>\n<p style=\"text-align: justify\">O Itiner\u00e1rio foi o tema central da Assembleia da SBCat, que contou com a assessoria do padre Abimar Oliveira de Morais, membro da equipe que elaborou o texto. O sacerdote recordou o processo de constru\u00e7\u00e3o do material at\u00e9 os primeiros resultados alcan\u00e7ados desde a publica\u00e7\u00e3o durante o Semin\u00e1rio Nacional de Inicia\u00e7\u00e3o \u00e0 Vida Crist\u00e3, que aconteceu em S\u00e3o Caetano (SP), em novembro de 2014.<\/p>\n<p style=\"text-align: justify\">Durante o encontro, os membros partilharam as experi\u00eancias do trabalho de entendimento e realiza\u00e7\u00e3o da catequese a servi\u00e7o da inicia\u00e7\u00e3o \u00e0 vida crist\u00e3 com catequistas, bispos, padres e agentes de pastoral nas regi\u00f5es do Brasil.<\/p>\n<h5 style=\"text-align: justify\">Com informa\u00e7\u00f5es e fotografia da SBCat<\/h5>\n<p>&nbsp;<\/p>\n<p>&nbsp;<\/p>\n<p>&nbsp;<\/p>\n","protected":false},"excerpt":{"rendered":"<p>Reunidos em sua 2\u00aa Assembleia Ordin\u00e1ria, realizada nos dias 29 e 30 de maio, em S\u00e3o Paulo (SP), os integrantes da Sociedade Brasileira de Catequetas (SBCat) decidiram elaborar um subs\u00eddio com artigos que contribuam no processo de inicia\u00e7\u00e3o \u00e0 vida crist\u00e3 proposto pelo Itiner\u00e1rio Catequ\u00e9tico &#8211; Inicia\u00e7\u00e3o \u00e0 Vida Crist\u00e3: um processo de inspira\u00e7\u00e3o catecumenal.<\/p>\n","protected":false},"author":83,"featured_media":14107,"comment_status":"open","ping_status":"open","sticky":false,"template":"","format":"standard","meta":{"site-sidebar-layout":"default","site-content-layout":"default","ast-global-header-display":"","ast-banner-title-visibility":"","ast-main-header-display":"","ast-hfb-above-header-display":"","ast-hfb-below-header-display":"","ast-hfb-mobile-header-display":"","site-post-title":"","ast-breadcrumbs-content":"","ast-featured-img":"","footer-sml-layout":"","theme-transparent-header-meta":"","adv-header-id-meta":"","stick-header-meta":"","header-above-stick-meta":"","header-main-stick-meta":"","header-below-stick-meta":""},"categories":[800],"tags":[],"acf":[],"_links":{"self":[{"href":"https:\/\/www.cnbb.org.br\/cnbb-app\/wp\/v2\/posts\/14106"}],"collection":[{"href":"https:\/\/www.cnbb.org.br\/cnbb-app\/wp\/v2\/posts"}],"about":[{"href":"https:\/\/www.cnbb.org.br\/cnbb-app\/wp\/v2\/types\/post"}],"author":[{"embeddable":true,"href":"https:\/\/www.cnbb.org.br\/cnbb-app\/wp\/v2\/users\/83"}],"replies":[{"embeddable":true,"href":"https:\/\/www.cnbb.org.br\/cnbb-app\/wp\/v2\/comments?post=14106"}],"version-history":[{"count":0,"href":"https:\/\/www.cnbb.org.br\/cnbb-app\/wp\/v2\/posts\/14106\/revisions"}],"wp:featuredmedia":[{"embeddable":true,"href":"https:\/\/www.cnbb.org.br\/cnbb-app\/wp\/v2\/media\/14107"}],"wp:attachment":[{"href":"https:\/\/www.cnbb.org.br\/cnbb-app\/wp\/v2\/media?parent=14106"}],"wp:term":[{"taxonomy":"category","embeddable":true,"href":"https:\/\/www.cnbb.org.br\/cnbb-app\/wp\/v2\/categories?post=14106"},{"taxonomy":"post_tag","embeddable":true,"href":"https:\/\/www.cnbb.org.br\/cnbb-app\/wp\/v2\/tags?post=14106"}],"curies":[{"name":"wp","href":"https:\/\/api.w.org\/{rel}","templated":true}]}}