{"id":14180,"date":"2011-05-01T00:00:00","date_gmt":"2011-05-01T03:00:00","guid":{"rendered":"https:\/\/www.cnbb.org.br\/mensagem-da-cnbb-para-o-dia-do-trabalhador-e-trabalhadora\/"},"modified":"2020-03-11T21:19:25","modified_gmt":"2020-03-12T00:19:25","slug":"mensagem-da-cnbb-para-o-dia-do-trabalhador-e-trabalhadora","status":"publish","type":"post","link":"https:\/\/www.cnbb.org.br\/mensagem-da-cnbb-para-o-dia-do-trabalhador-e-trabalhadora\/","title":{"rendered":"Mensagem da CNBB para o Dia do Trabalhador e Trabalhadora"},"content":{"rendered":"<p style=\"text-align: justify\">A Confer\u00eancia Nacional dos Bispos do Brasil (CNBB) divulgou hoje uma mensagem saudando os trabalhadores pela data 1\u00ba de maio. A mensagem faz refer\u00eancia ao papa Jo\u00e3o Paulo II, beatificado nesta manh\u00e3, em Roma, afirmando que \u201cele [Jo\u00e3o Paulo II] Mensagem da CNBB para o Dia do Trabalhador e Trabalhadora\u201d.<\/p>\n<p><!--more--><\/p>\n<p style=\"text-align: justify\">A CNBB aos se fazer \u201csolid\u00e1ria \u00e0 classe trabalhadora brasileira\u201d manifesta preocupa\u00e7\u00f5es em rela\u00e7\u00e3o \u00e0 desregulamenta\u00e7\u00e3o social \u201cque vem se impondo \u00e0s rela\u00e7\u00f5es trabalhistas\u201d, condena o fato de o \u201csagrado direito do trabalhador ao descanso semanal\u201d ter ficado \u201cseriamente comprometido\u201d, e denuncia a explora\u00e7\u00e3o do trabalho e as situa\u00e7\u00f5es de trabalho escravo, sem deixar de reconhecer as \u201cmilhares de iniciativas de trabalho\u201d.<\/p>\n<p>\u201cEssas desafiantes realidades no mundo do trabalho nos obrigam a prosseguirmos na luta pelo trabalho livre, digno, remunerado com justi\u00e7a e que respeite a pessoa do trabalhador e o meio ambiente\u201d, afirma a CNBB.<\/p>\n<p>Leia, abaixo, a \u00edntegra da mensagem.<\/p>\n<hr \/>\n<p style=\"text-align: justify\">Neste 1\u00ba de maio, dia do trabalho, celebra-se tamb\u00e9m em Roma, um grande acontecimento: a beatifica\u00e7\u00e3o do papa Jo\u00e3o Paulo II.\u00a0 Ele acompanhou de perto as grandes mudan\u00e7as culturais, pol\u00edticas e econ\u00f4micas ocorridas no final do mil\u00eanio, fazendo-se ele pr\u00f3prio um dos protagonistas dessas mudan\u00e7as.<\/p>\n<p>Neste dia do trabalhador e da trabalhadora, a CNBB, fazendo-se solid\u00e1ria com a classe trabalhadora brasileira, quer manifestar suas preocupa\u00e7\u00f5es com o que vem acontecendo hoje no mundo do trabalho, consciente de que se trata de amplo debate pol\u00edtico sobre as op\u00e7\u00f5es econ\u00f4micos \u00e0s quais o trabalho est\u00e1 sendo submetido.<\/p>\n<p>A desregulamenta\u00e7\u00e3o social que vem se impondo \u00e0s rela\u00e7\u00f5es trabalhistas, est\u00e1 atingindo de cheio a vida da classe trabalhadora. Muitas conquistas seguidamente s\u00e3o desrespeitadas pelo poder publico e pelas corpora\u00e7\u00f5es econ\u00f4micas nacionais e internacionas.<\/p>\n<p>O sagrado direito do trabalhador ao descanso semanal ficou seriamente comprometido. Acentua-se o ritmo acelerado de execu\u00e7\u00e3o das grandes obras de infraestrutura, com contratos coletivos de trabalho, que acabam esgotando rapidamente a capacidade do trabalhador e sua resist\u00eancia f\u00edsica. Basta lembrar, recentemente, os problemas acontecidos nas obras das represas de Jirau e Santo Antonio, no Rio Madeira, em Porto Velho, Rond\u00f4nia.<\/p>\n<p>Continua a explora\u00e7\u00e3o do trabalho, sob formas novas e de diversas maneiras. Ainda persistem em nosso pa\u00eds situa\u00e7\u00f5es de trabalho escravo, inclusive, utilizando-se de crian\u00e7as e adolescentes, que o poder p\u00fablico procura combater com severidade.<\/p>\n<p>Doutro lado, multiplicam-se milhares de iniciativas de trabalho em mutir\u00f5es, visando o bem comum, em m\u00faltiplas formas de economia solid\u00e1ria, onde o fruto do trabalho \u00e9 um bem coletivo. O trabalho humano permanece sendo um meio indispens\u00e1vel de sobreviv\u00eancia e lugar de desenvolvimento das capacidades das pessoas, e que as habilita para o desenvolvimento da sociedade.<\/p>\n<p>Essas desafiantes realidades no mundo do trabalho nos obrigam a prosseguirmos na luta pelo trabalho livre, digno, remunerado com justi\u00e7a e que respeite a pessoa do trabalhador e o meio ambiente. \u00c9 necess\u00e1rio provocar uma mobiliza\u00e7\u00e3o nacional que envolva desde as comunidades eclesiais, os movimentos sociais, os sindicatos, os \u00f3rg\u00e3os de administra\u00e7\u00e3o p\u00fablica, municipal, estadual e federal, para lan\u00e7ar m\u00e3o de todos os recursos humanos e materiais, a fim de acelerar o processo de amplia\u00e7\u00e3o de oportunidade de trabalho digno para todos.<\/p>\n<p>O Beato Jo\u00e3o Paulo II, que tanto amou a classe trabalhadora, continue a interceder, l\u00e1 no c\u00e9u, pelo bem de toda a humanidade e nos ensine sempre a reconhecer no trabalho humano a realidade mais importante, fundamental e decisiva da vida em sociedade.<\/p>\n<p>Bras\u00edlia, 1\u00ba de maio de 2011<\/p>\n<p>Dom Geraldo Lyrio Rocha<br \/>\nArcebispo de Mariana<br \/>\nPresidente da CNBB<\/p>\n<p>Dom Luiz Soares Vieira<br \/>\nArcebispo de Manaus<br \/>\nVice-Presidente da CNBB<\/p>\n<p>Dom Dimas Lara Barbosa<br \/>\nBispo Auxiliar do Rio de Janeiro<br \/>\nSecret\u00e1rio-Geral da CNBB<\/p>\n<p>Dom Dimas Lara Barbosa<br \/>\nBispo Auxiliar do Rio de Janeiro<br \/>\nSecret\u00e1rio-Geral da CNBB<\/p>\n","protected":false},"excerpt":{"rendered":"<p>A Confer\u00eancia Nacional dos Bispos do Brasil (CNBB) divulgou hoje uma mensagem saudando os trabalhadores pela data 1\u00ba de maio. A mensagem faz refer\u00eancia ao papa Jo\u00e3o Paulo II, beatificado nesta manh\u00e3, em Roma, afirmando que \u201cele [Jo\u00e3o Paulo II] Mensagem da CNBB para o Dia do Trabalhador e Trabalhadora\u201d.<\/p>\n","protected":false},"author":83,"featured_media":6771,"comment_status":"open","ping_status":"open","sticky":false,"template":"","format":"standard","meta":{"site-sidebar-layout":"default","site-content-layout":"default","ast-global-header-display":"","ast-banner-title-visibility":"","ast-main-header-display":"","ast-hfb-above-header-display":"","ast-hfb-below-header-display":"","ast-hfb-mobile-header-display":"","site-post-title":"","ast-breadcrumbs-content":"","ast-featured-img":"","footer-sml-layout":"","theme-transparent-header-meta":"","adv-header-id-meta":"","stick-header-meta":"","header-above-stick-meta":"","header-main-stick-meta":"","header-below-stick-meta":""},"categories":[797,750],"tags":[],"acf":[],"_links":{"self":[{"href":"https:\/\/www.cnbb.org.br\/cnbb-app\/wp\/v2\/posts\/14180"}],"collection":[{"href":"https:\/\/www.cnbb.org.br\/cnbb-app\/wp\/v2\/posts"}],"about":[{"href":"https:\/\/www.cnbb.org.br\/cnbb-app\/wp\/v2\/types\/post"}],"author":[{"embeddable":true,"href":"https:\/\/www.cnbb.org.br\/cnbb-app\/wp\/v2\/users\/83"}],"replies":[{"embeddable":true,"href":"https:\/\/www.cnbb.org.br\/cnbb-app\/wp\/v2\/comments?post=14180"}],"version-history":[{"count":0,"href":"https:\/\/www.cnbb.org.br\/cnbb-app\/wp\/v2\/posts\/14180\/revisions"}],"wp:featuredmedia":[{"embeddable":true,"href":"https:\/\/www.cnbb.org.br\/cnbb-app\/wp\/v2\/media\/6771"}],"wp:attachment":[{"href":"https:\/\/www.cnbb.org.br\/cnbb-app\/wp\/v2\/media?parent=14180"}],"wp:term":[{"taxonomy":"category","embeddable":true,"href":"https:\/\/www.cnbb.org.br\/cnbb-app\/wp\/v2\/categories?post=14180"},{"taxonomy":"post_tag","embeddable":true,"href":"https:\/\/www.cnbb.org.br\/cnbb-app\/wp\/v2\/tags?post=14180"}],"curies":[{"name":"wp","href":"https:\/\/api.w.org\/{rel}","templated":true}]}}